{"id":3677,"date":"2026-03-08T22:04:11","date_gmt":"2026-03-08T22:04:11","guid":{"rendered":"https:\/\/eautomobiliai.lt\/index.php\/2026\/03\/08\/toro-greenspro-e1700-elektrinis-zalumynu-volelis\/"},"modified":"2026-03-08T22:04:11","modified_gmt":"2026-03-08T22:04:11","slug":"toro-greenspro-e1700-elektrinis-zalumynu-volelis","status":"publish","type":"post","link":"https:\/\/eautomobiliai.lt\/index.php\/2026\/03\/08\/toro-greenspro-e1700-elektrinis-zalumynu-volelis\/","title":{"rendered":"Toro GreensPro e1700 elektrinis \u017ealumyn\u0173 volelis"},"content":{"rendered":"<p> <br \/>\n<\/p>\n<div>\n<figure class=\"img-border featured-image\">\n<p>\t<br \/>\n\t<\/figure>\n<p>Visi\u0161kai naujas Toro GreensPro e1700, sukurtas i\u0161skirtinai skland\u017eiai, nuosekliai \u017eaisti golfo \u017ealumynus, tuo pa\u010diu didinant operatoriaus efektyvum\u0105 ir produktyvum\u0105 be triuk\u0161mo ar kenksming\u0173 d\u016bm\u0173, \u017eada i\u0161 naujo apibr\u0117\u017eti komercin\u012f \u017ealumyn\u0173 laikym\u0105.<\/p>\n<p><span id=\"more-458635\"\/><\/p>\n<p>Plat\u016bs, lyg\u016bs farvateriai ir skland\u017eiai, greitai besileid\u017eiantys \u017ealumynai neatsiranda atsitiktinai. Jiems reikia daug darbo, o golfo aik\u0161tyn\u0173 pri\u017ei\u016br\u0117tojai ir aik\u0161tyn\u0173 \u012fgulos tai atlieka specializuota \u012franga. \u0160iame \u012frangos s\u0105ra\u0161e yra \u017eali\u0173j\u0173 vol\u0173 \u2013 ma\u0161in\u0173, kurios fizi\u0161kai primena nulinio apsisukimo vejapjoves ir naudojamos \u0161velniai suspausti vel\u0117n\u0105 ir sukurti vienod\u0105 klojimo pavir\u0161i\u0173, kurio tikisi golfo \u017eaid\u0117jai. Tuo tikslu Toro aplinkos prie\u017ei\u016bros ekspertai i\u0161leido visi\u0161kai nauj\u0105 GreensPro e1700.<\/p>\n<p>\u201eKalbant apie produktyvum\u0105, pri\u017ei\u016br\u0117tojai pasteb\u0117s, kad \u017eymiai padid\u0117s tai, k\u0105 jie gali pasiekti naudodami GreensPro e1700\u201c, \u2013 sak\u0117 \u201eToro\u201c produkt\u0173 rinkodaros vadovas Nate&#8217;as Fisheris. &#8222;Nuo platesnio ried\u0117jimo plo\u010dio iki SmartHitch transportavimo, jis sukurtas siekiant maksimalaus efektyvumo ir pad\u0117ti komandoms grei\u010diau \u012fveikti daugiau \u017eem\u0117s. Prakti\u0161kai tylus veikimas taip pat kei\u010dia pagrindines ankstyvo ryto pamainas.&#8221;<\/p>\n<p>GreensPro e1700 turi trij\u0173 ritin\u0117li\u0173 konfig\u016bracij\u0105, u\u017etikrinan\u010di\u0105 optimal\u0173 pavir\u0161iaus padengim\u0105 ir nuosekl\u0173 kontakt\u0105 su \u017eeme per vis\u0105 ried\u0117jimo plot\u012f. Kiekvienas volas yra varomas nepriklausomu elektros varikliu, leid\u017eian\u010diu automati\u0161kai reguliuoti greit\u012f pos\u016bkiuose ir sustojime taip, kad b\u016bt\u0173 u\u017ekirstas kelias \u017ealiai trin\u010diai ir \u017ealios spalvos \u0161veitimui grie\u017et\u0173 pos\u016bki\u0173 metu.<\/p>\n<p>\t<span class=\"outbrain-ad-label\">Reklama \u2013 slinkite, kad gautum\u0117te daugiau turinio<\/span><\/p>\n<p>Kalbant apie \u201eSmartHitch\u201c, kur\u012f pamin\u0117jo Fisheris, \u201eToro\u201c nebereikia naudoti tradicini\u0173 atskir\u0173 priekab\u0173 ar sukabinam\u0173 traukli\u0173, tod\u0117l naujajam GreensPro e1700 transportavimo greitis ir lengvumas. Tai galite pamatyti toliau pateiktame ap\u017evalginiame \u201eToro\u201c vaizdo \u012fra\u0161e.<\/p>\n<h2 class=\"wp-block-heading\" id=\"h-toro-greenspro-e1700-overview\">\u201eToro GreensPro e1700\u201c ap\u017evalga<\/h2>\n<hr\/>\n<figure class=\"wp-block-embed alignwide is-type-video is-provider-youtube wp-block-embed-youtube wp-embed-aspect-16-9 wp-has-aspect-ratio\">\n<p>\n<iframe loading=\"lazy\" title=\"Toro\u00ae GreensPro\u00ae e1700 Overview\" width=\"640\" height=\"360\" src=\"https:\/\/www.youtube.com\/embed\/aUAfSr5aXZg?feature=oembed\" frameborder=\"0\" allow=\"accelerometer; autoplay; clipboard-write; encrypted-media; gyroscope; picture-in-picture; web-share\" referrerpolicy=\"strict-origin-when-cross-origin\" allowfullscreen><\/iframe>\n<\/p><figcaption class=\"wp-element-caption\">Toro e1700 paleidimo vaizdo \u012fra\u0161as.<\/figcaption><\/figure>\n<p>Naujausias \u201eToro\u201c \u017ealiasis volas yra maitinamas poros pa\u017eangi\u0173 \u201eHyperCell\u201c li\u010dio jon\u0173 baterij\u0173, kuri\u0173 kiekvienos talpa yra 2,3 kWh. J\u012f galima i\u0161pl\u0117sti iki keturi\u0173 2,3 kWh pakuo\u010di\u0173, kad bendrai b\u016bt\u0173 9,2 kWh galios \u2013 u\u017etenka susukti iki a\u0161tuoniolikos \u017ealumyn\u0173 prie\u0161 juos i\u0161kei\u010diant.<\/p>\n<p>Tokios realaus pasaulio galimyb\u0117s i\u0161ry\u0161kina kra\u0161tovaizd\u017eio pramon\u0117s pad\u0117ties ties\u0105: vidaus degimas nebereikalingas, o ICE varom\u0173 \u012franki\u0173 pa\u0161alinimas yra dalykas, kuriam, kaip nustat\u0117 m\u016bs\u0173 Peteris Johnsonas, reikia suteikti didesn\u012f prioritet\u0105. Peteris pacitavo EPA duomenis, kurie parod\u0117, kad dujomis varomos vejapjov\u0117s sudaro penkis procentus visos JAV oro tar\u0161os (nepaisant to, kad jos sudaro daug ma\u017eiau nei 5% vis\u0173 tomis dujomis nuva\u017eiuot\u0173 myli\u0173).<\/p>\n<p>\u201eBe to, \u2013 ra\u0161o jis, \u2013 kiekvienais metais reikia apie 800 milijon\u0173 galon\u0173 benzino (i\u0161siliejus papildomai 17 milijon\u0173 galon\u0173), kad b\u016bt\u0173 galima papildyti \u0161i\u0105 \u012frang\u0105.<\/p>\n<p><strong>\u0160ALTINIS | VAIZDAI<\/strong>: Ekskursija.<\/p>\n<figure class=\"wp-block-image alignwide\"><img loading=\"lazy\" decoding=\"async\" width=\"750\" height=\"150\" src=\"https:\/\/electrek.co\/wp-content\/uploads\/sites\/3\/2025\/03\/DES-1038_Electrek-Banners_EVs_0797c2.png\" alt=\"\" class=\"wp-image-408967\" srcset=\"https:\/\/electrek.co\/wp-content\/uploads\/sites\/3\/2025\/03\/DES-1038_Electrek-Banners_EVs_0797c2.png 750w, https:\/\/electrek.co\/wp-content\/uploads\/sites\/3\/2025\/03\/DES-1038_Electrek-Banners_EVs_0797c2.png?resize=150,30 150w, https:\/\/electrek.co\/wp-content\/uploads\/sites\/3\/2025\/03\/DES-1038_Electrek-Banners_EVs_0797c2.png?resize=300,60 300w, https:\/\/electrek.co\/wp-content\/uploads\/sites\/3\/2025\/03\/DES-1038_Electrek-Banners_EVs_0797c2.png?resize=350,70 350w, https:\/\/electrek.co\/wp-content\/uploads\/sites\/3\/2025\/03\/DES-1038_Electrek-Banners_EVs_0797c2.png?resize=140,28 140w\" sizes=\"auto, (max-width: 750px) 100vw, 750px\"\/><\/figure>\n<hr class=\"wp-block-separator has-alpha-channel-opacity\"\/>\n<p><em>Jei ketinate naudoti saul\u0117s energij\u0105, visada pravartu gauti pasi\u016blym\u0173 i\u0161 keli\u0173 montuotoj\u0173. Nor\u0117dami \u012fsitikinti, kad \u0161alia j\u016bs\u0173 rasite patikim\u0105 saul\u0117s energijos montuotoj\u0105, si\u016blant\u012f konkurencingas kainas, patikrinkite <\/em><em>EnergySage<\/em><em>nemokama paslauga, kuri palengvina saul\u0117s energijos naudojim\u0105. Jame yra \u0161imtai i\u0161 anksto patikrint\u0173 saul\u0117s kolektori\u0173 montuotoj\u0173, kurie konkuruoja d\u0117l j\u016bs\u0173 verslo, u\u017etikrindami, kad gausite auk\u0161tos kokyb\u0117s sprendimus ir sutaupysite 20\u201330 %, palyginti su tuo, kad tai darytum\u0117te vienas. Be to, juo naudotis galima nemokamai ir negausite pardavimo skambu\u010di\u0173, kol nepasirinksite montuotojo ir nepasidalinsite su juo savo telefono numeriu. <\/em><\/p>\n<p><em>J\u016bs\u0173 asmenines saul\u0117s energijos kainas lengva palyginti internete ir gausite prieig\u0105 prie ne\u0161ali\u0161k\u0173 energijos patar\u0117j\u0173, kurie pad\u0117s jums kiekviename \u017eingsnyje. <\/em><em>Prad\u0117kite \u010dia<\/em>.<\/p>\n<div class=\"google-preferred-source-badge\">\n<p>\t\t\t<img decoding=\"async\" class=\"google-preferred-source-badge-dark\" src=\"https:\/\/electrek.co\/wp-content\/themes\/ninetofive\/dist\/images\/google-preferred-source-badge-dark.png\" alt=\"Prid\u0117kite \u201eElectrek\u201c kaip pageidaujam\u0105 \u201eGoogle\u201c \u0161altin\u012f\"\/><br \/>\n\t\t\t<img decoding=\"async\" class=\"google-preferred-source-badge-light\" src=\"https:\/\/electrek.co\/wp-content\/themes\/ninetofive\/dist\/images\/google-preferred-source-badge-light.png\" alt=\"Prid\u0117kite \u201eElectrek\u201c kaip pageidaujam\u0105 \u201eGoogle\u201c \u0161altin\u012f\"\/><\/p><\/div>\n<div class=\"ad-disclaimer-container\">\n<p class=\"disclaimer-affiliate\"><em>FTC: naudojame pajamas u\u017edirban\u010di\u0173 automobili\u0173 filial\u0173 nuorodas.<\/em> Daugiau.<\/p>\n<p><!-- post ad --><\/div>\n<\/p><\/div>\n<p><br \/>\n<br \/><a href=\"https:\/\/electrek.co\/2026\/03\/08\/e-quipment-highlight-toro-greenspro-e1700-electric-greens-roller\/\">Source link <\/a><\/p>\n","protected":false},"excerpt":{"rendered":"<p>Visi\u0161kai naujas Toro GreensPro e1700, sukurtas i\u0161skirtinai skland\u017eiai, nuosekliai \u017eaisti golfo \u017ealumynus, tuo pa\u010diu didinant operatoriaus efektyvum\u0105 ir produktyvum\u0105 be&hellip;<\/p>\n","protected":false},"author":1,"featured_media":3678,"comment_status":"open","ping_status":"open","sticky":false,"template":"","format":"standard","meta":{"om_disable_all_campaigns":false,"_monsterinsights_skip_tracking":false,"_monsterinsights_sitenote_active":false,"_monsterinsights_sitenote_note":"","_monsterinsights_sitenote_category":0,"footnotes":""},"categories":[8],"tags":[5623,26,5622,5621,5625,5624],"class_list":["post-3677","post","type-post","status-publish","format-standard","has-post-thumbnail","hentry","category-elektriniai-automobiliai","tag-e1700","tag-elektrinis","tag-greenspro","tag-toro","tag-volelis","tag-zalumynu"],"aioseo_notices":[],"yoast_head":"<!-- This site is optimized with the Yoast SEO plugin v26.8 - https:\/\/yoast.com\/product\/yoast-seo-wordpress\/ -->\n<title>Toro GreensPro e1700 elektrinis \u017ealumyn\u0173 volelis - Eautomobiliai.lt<\/title>\n<meta name=\"robots\" content=\"index, follow, max-snippet:-1, max-image-preview:large, max-video-preview:-1\" \/>\n<link rel=\"canonical\" href=\"https:\/\/eautomobiliai.lt\/index.php\/2026\/03\/08\/toro-greenspro-e1700-elektrinis-zalumynu-volelis\/\" \/>\n<meta property=\"og:locale\" content=\"lt_LT\" \/>\n<meta property=\"og:type\" content=\"article\" \/>\n<meta property=\"og:title\" content=\"Toro GreensPro e1700 elektrinis \u017ealumyn\u0173 volelis - Eautomobiliai.lt\" \/>\n<meta property=\"og:description\" content=\"Visi\u0161kai naujas Toro GreensPro e1700, sukurtas i\u0161skirtinai skland\u017eiai, nuosekliai \u017eaisti golfo \u017ealumynus, tuo pa\u010diu didinant operatoriaus efektyvum\u0105 ir produktyvum\u0105 be&hellip;\" \/>\n<meta property=\"og:url\" content=\"https:\/\/eautomobiliai.lt\/index.php\/2026\/03\/08\/toro-greenspro-e1700-elektrinis-zalumynu-volelis\/\" \/>\n<meta property=\"og:site_name\" content=\"Eautomobiliai.lt\" \/>\n<meta property=\"article:published_time\" content=\"2026-03-08T22:04:11+00:00\" \/>\n<meta property=\"og:image\" content=\"https:\/\/eautomobiliai.lt\/wp-content\/uploads\/2026\/03\/Toro-GreensPro-e1700-elektrinis-zalumynu-volelis.png\" \/>\n\t<meta property=\"og:image:width\" content=\"1200\" \/>\n\t<meta property=\"og:image:height\" content=\"628\" \/>\n\t<meta property=\"og:image:type\" content=\"image\/png\" \/>\n<meta name=\"author\" content=\"admin\" \/>\n<meta name=\"twitter:card\" content=\"summary_large_image\" \/>\n<meta name=\"twitter:label1\" content=\"Written by\" \/>\n\t<meta name=\"twitter:data1\" content=\"admin\" \/>\n\t<meta name=\"twitter:label2\" content=\"Est. reading time\" \/>\n\t<meta name=\"twitter:data2\" content=\"3 minut\u0117s\" \/>\n<script type=\"application\/ld+json\" class=\"yoast-schema-graph\">{\"@context\":\"https:\/\/schema.org\",\"@graph\":[{\"@type\":\"Article\",\"@id\":\"https:\/\/eautomobiliai.lt\/index.php\/2026\/03\/08\/toro-greenspro-e1700-elektrinis-zalumynu-volelis\/#article\",\"isPartOf\":{\"@id\":\"https:\/\/eautomobiliai.lt\/index.php\/2026\/03\/08\/toro-greenspro-e1700-elektrinis-zalumynu-volelis\/\"},\"author\":{\"name\":\"admin\",\"@id\":\"http:\/\/eautomobiliai.lt\/#\/schema\/person\/ecf2a967f361217d056061f74deb92f2\"},\"headline\":\"Toro GreensPro e1700 elektrinis \u017ealumyn\u0173 volelis\",\"datePublished\":\"2026-03-08T22:04:11+00:00\",\"mainEntityOfPage\":{\"@id\":\"https:\/\/eautomobiliai.lt\/index.php\/2026\/03\/08\/toro-greenspro-e1700-elektrinis-zalumynu-volelis\/\"},\"wordCount\":606,\"commentCount\":0,\"image\":{\"@id\":\"https:\/\/eautomobiliai.lt\/index.php\/2026\/03\/08\/toro-greenspro-e1700-elektrinis-zalumynu-volelis\/#primaryimage\"},\"thumbnailUrl\":\"https:\/\/eautomobiliai.lt\/wp-content\/uploads\/2026\/03\/Toro-GreensPro-e1700-elektrinis-zalumynu-volelis.png\",\"keywords\":[\"e1700\",\"Elektrinis\",\"GreensPro\",\"Toro\",\"volelis\",\"\u017ealumyn\u0173\"],\"articleSection\":[\"ELEKTRINIAI AUTOMOBILIAI\"],\"inLanguage\":\"lt-LT\",\"potentialAction\":[{\"@type\":\"CommentAction\",\"name\":\"Comment\",\"target\":[\"https:\/\/eautomobiliai.lt\/index.php\/2026\/03\/08\/toro-greenspro-e1700-elektrinis-zalumynu-volelis\/#respond\"]}]},{\"@type\":\"WebPage\",\"@id\":\"https:\/\/eautomobiliai.lt\/index.php\/2026\/03\/08\/toro-greenspro-e1700-elektrinis-zalumynu-volelis\/\",\"url\":\"https:\/\/eautomobiliai.lt\/index.php\/2026\/03\/08\/toro-greenspro-e1700-elektrinis-zalumynu-volelis\/\",\"name\":\"Toro GreensPro e1700 elektrinis \u017ealumyn\u0173 volelis - Eautomobiliai.lt\",\"isPartOf\":{\"@id\":\"http:\/\/eautomobiliai.lt\/#website\"},\"primaryImageOfPage\":{\"@id\":\"https:\/\/eautomobiliai.lt\/index.php\/2026\/03\/08\/toro-greenspro-e1700-elektrinis-zalumynu-volelis\/#primaryimage\"},\"image\":{\"@id\":\"https:\/\/eautomobiliai.lt\/index.php\/2026\/03\/08\/toro-greenspro-e1700-elektrinis-zalumynu-volelis\/#primaryimage\"},\"thumbnailUrl\":\"https:\/\/eautomobiliai.lt\/wp-content\/uploads\/2026\/03\/Toro-GreensPro-e1700-elektrinis-zalumynu-volelis.png\",\"datePublished\":\"2026-03-08T22:04:11+00:00\",\"author\":{\"@id\":\"http:\/\/eautomobiliai.lt\/#\/schema\/person\/ecf2a967f361217d056061f74deb92f2\"},\"breadcrumb\":{\"@id\":\"https:\/\/eautomobiliai.lt\/index.php\/2026\/03\/08\/toro-greenspro-e1700-elektrinis-zalumynu-volelis\/#breadcrumb\"},\"inLanguage\":\"lt-LT\",\"potentialAction\":[{\"@type\":\"ReadAction\",\"target\":[\"https:\/\/eautomobiliai.lt\/index.php\/2026\/03\/08\/toro-greenspro-e1700-elektrinis-zalumynu-volelis\/\"]}]},{\"@type\":\"ImageObject\",\"inLanguage\":\"lt-LT\",\"@id\":\"https:\/\/eautomobiliai.lt\/index.php\/2026\/03\/08\/toro-greenspro-e1700-elektrinis-zalumynu-volelis\/#primaryimage\",\"url\":\"https:\/\/eautomobiliai.lt\/wp-content\/uploads\/2026\/03\/Toro-GreensPro-e1700-elektrinis-zalumynu-volelis.png\",\"contentUrl\":\"https:\/\/eautomobiliai.lt\/wp-content\/uploads\/2026\/03\/Toro-GreensPro-e1700-elektrinis-zalumynu-volelis.png\",\"width\":1200,\"height\":628},{\"@type\":\"BreadcrumbList\",\"@id\":\"https:\/\/eautomobiliai.lt\/index.php\/2026\/03\/08\/toro-greenspro-e1700-elektrinis-zalumynu-volelis\/#breadcrumb\",\"itemListElement\":[{\"@type\":\"ListItem\",\"position\":1,\"name\":\"Home\",\"item\":\"http:\/\/eautomobiliai.lt\/\"},{\"@type\":\"ListItem\",\"position\":2,\"name\":\"Toro GreensPro e1700 elektrinis \u017ealumyn\u0173 volelis\"}]},{\"@type\":\"WebSite\",\"@id\":\"http:\/\/eautomobiliai.lt\/#website\",\"url\":\"http:\/\/eautomobiliai.lt\/\",\"name\":\"Eautomobiliai.lt\",\"description\":\"Elektrinis transportas, technologijos\",\"potentialAction\":[{\"@type\":\"SearchAction\",\"target\":{\"@type\":\"EntryPoint\",\"urlTemplate\":\"http:\/\/eautomobiliai.lt\/?s={search_term_string}\"},\"query-input\":{\"@type\":\"PropertyValueSpecification\",\"valueRequired\":true,\"valueName\":\"search_term_string\"}}],\"inLanguage\":\"lt-LT\"},{\"@type\":\"Person\",\"@id\":\"http:\/\/eautomobiliai.lt\/#\/schema\/person\/ecf2a967f361217d056061f74deb92f2\",\"name\":\"admin\",\"image\":{\"@type\":\"ImageObject\",\"inLanguage\":\"lt-LT\",\"@id\":\"http:\/\/eautomobiliai.lt\/#\/schema\/person\/image\/\",\"url\":\"https:\/\/secure.gravatar.com\/avatar\/6323379efae0c70c686c7905444d6bbd?s=96&d=mm&r=g\",\"contentUrl\":\"https:\/\/secure.gravatar.com\/avatar\/6323379efae0c70c686c7905444d6bbd?s=96&d=mm&r=g\",\"caption\":\"admin\"},\"sameAs\":[\"http:\/\/eautomobiliai.lt\"],\"url\":\"https:\/\/eautomobiliai.lt\/index.php\/author\/admin\/\"}]}<\/script>\n<!-- \/ Yoast SEO plugin. -->","yoast_head_json":{"title":"Toro GreensPro e1700 elektrinis \u017ealumyn\u0173 volelis - Eautomobiliai.lt","robots":{"index":"index","follow":"follow","max-snippet":"max-snippet:-1","max-image-preview":"max-image-preview:large","max-video-preview":"max-video-preview:-1"},"canonical":"https:\/\/eautomobiliai.lt\/index.php\/2026\/03\/08\/toro-greenspro-e1700-elektrinis-zalumynu-volelis\/","og_locale":"lt_LT","og_type":"article","og_title":"Toro GreensPro e1700 elektrinis \u017ealumyn\u0173 volelis - Eautomobiliai.lt","og_description":"Visi\u0161kai naujas Toro GreensPro e1700, sukurtas i\u0161skirtinai skland\u017eiai, nuosekliai \u017eaisti golfo \u017ealumynus, tuo pa\u010diu didinant operatoriaus efektyvum\u0105 ir produktyvum\u0105 be&hellip;","og_url":"https:\/\/eautomobiliai.lt\/index.php\/2026\/03\/08\/toro-greenspro-e1700-elektrinis-zalumynu-volelis\/","og_site_name":"Eautomobiliai.lt","article_published_time":"2026-03-08T22:04:11+00:00","og_image":[{"width":1200,"height":628,"url":"https:\/\/eautomobiliai.lt\/wp-content\/uploads\/2026\/03\/Toro-GreensPro-e1700-elektrinis-zalumynu-volelis.png","type":"image\/png"}],"author":"admin","twitter_card":"summary_large_image","twitter_misc":{"Written by":"admin","Est. reading time":"3 minut\u0117s"},"schema":{"@context":"https:\/\/schema.org","@graph":[{"@type":"Article","@id":"https:\/\/eautomobiliai.lt\/index.php\/2026\/03\/08\/toro-greenspro-e1700-elektrinis-zalumynu-volelis\/#article","isPartOf":{"@id":"https:\/\/eautomobiliai.lt\/index.php\/2026\/03\/08\/toro-greenspro-e1700-elektrinis-zalumynu-volelis\/"},"author":{"name":"admin","@id":"http:\/\/eautomobiliai.lt\/#\/schema\/person\/ecf2a967f361217d056061f74deb92f2"},"headline":"Toro GreensPro e1700 elektrinis \u017ealumyn\u0173 volelis","datePublished":"2026-03-08T22:04:11+00:00","mainEntityOfPage":{"@id":"https:\/\/eautomobiliai.lt\/index.php\/2026\/03\/08\/toro-greenspro-e1700-elektrinis-zalumynu-volelis\/"},"wordCount":606,"commentCount":0,"image":{"@id":"https:\/\/eautomobiliai.lt\/index.php\/2026\/03\/08\/toro-greenspro-e1700-elektrinis-zalumynu-volelis\/#primaryimage"},"thumbnailUrl":"https:\/\/eautomobiliai.lt\/wp-content\/uploads\/2026\/03\/Toro-GreensPro-e1700-elektrinis-zalumynu-volelis.png","keywords":["e1700","Elektrinis","GreensPro","Toro","volelis","\u017ealumyn\u0173"],"articleSection":["ELEKTRINIAI AUTOMOBILIAI"],"inLanguage":"lt-LT","potentialAction":[{"@type":"CommentAction","name":"Comment","target":["https:\/\/eautomobiliai.lt\/index.php\/2026\/03\/08\/toro-greenspro-e1700-elektrinis-zalumynu-volelis\/#respond"]}]},{"@type":"WebPage","@id":"https:\/\/eautomobiliai.lt\/index.php\/2026\/03\/08\/toro-greenspro-e1700-elektrinis-zalumynu-volelis\/","url":"https:\/\/eautomobiliai.lt\/index.php\/2026\/03\/08\/toro-greenspro-e1700-elektrinis-zalumynu-volelis\/","name":"Toro GreensPro e1700 elektrinis \u017ealumyn\u0173 volelis - Eautomobiliai.lt","isPartOf":{"@id":"http:\/\/eautomobiliai.lt\/#website"},"primaryImageOfPage":{"@id":"https:\/\/eautomobiliai.lt\/index.php\/2026\/03\/08\/toro-greenspro-e1700-elektrinis-zalumynu-volelis\/#primaryimage"},"image":{"@id":"https:\/\/eautomobiliai.lt\/index.php\/2026\/03\/08\/toro-greenspro-e1700-elektrinis-zalumynu-volelis\/#primaryimage"},"thumbnailUrl":"https:\/\/eautomobiliai.lt\/wp-content\/uploads\/2026\/03\/Toro-GreensPro-e1700-elektrinis-zalumynu-volelis.png","datePublished":"2026-03-08T22:04:11+00:00","author":{"@id":"http:\/\/eautomobiliai.lt\/#\/schema\/person\/ecf2a967f361217d056061f74deb92f2"},"breadcrumb":{"@id":"https:\/\/eautomobiliai.lt\/index.php\/2026\/03\/08\/toro-greenspro-e1700-elektrinis-zalumynu-volelis\/#breadcrumb"},"inLanguage":"lt-LT","potentialAction":[{"@type":"ReadAction","target":["https:\/\/eautomobiliai.lt\/index.php\/2026\/03\/08\/toro-greenspro-e1700-elektrinis-zalumynu-volelis\/"]}]},{"@type":"ImageObject","inLanguage":"lt-LT","@id":"https:\/\/eautomobiliai.lt\/index.php\/2026\/03\/08\/toro-greenspro-e1700-elektrinis-zalumynu-volelis\/#primaryimage","url":"https:\/\/eautomobiliai.lt\/wp-content\/uploads\/2026\/03\/Toro-GreensPro-e1700-elektrinis-zalumynu-volelis.png","contentUrl":"https:\/\/eautomobiliai.lt\/wp-content\/uploads\/2026\/03\/Toro-GreensPro-e1700-elektrinis-zalumynu-volelis.png","width":1200,"height":628},{"@type":"BreadcrumbList","@id":"https:\/\/eautomobiliai.lt\/index.php\/2026\/03\/08\/toro-greenspro-e1700-elektrinis-zalumynu-volelis\/#breadcrumb","itemListElement":[{"@type":"ListItem","position":1,"name":"Home","item":"http:\/\/eautomobiliai.lt\/"},{"@type":"ListItem","position":2,"name":"Toro GreensPro e1700 elektrinis \u017ealumyn\u0173 volelis"}]},{"@type":"WebSite","@id":"http:\/\/eautomobiliai.lt\/#website","url":"http:\/\/eautomobiliai.lt\/","name":"Eautomobiliai.lt","description":"Elektrinis transportas, technologijos","potentialAction":[{"@type":"SearchAction","target":{"@type":"EntryPoint","urlTemplate":"http:\/\/eautomobiliai.lt\/?s={search_term_string}"},"query-input":{"@type":"PropertyValueSpecification","valueRequired":true,"valueName":"search_term_string"}}],"inLanguage":"lt-LT"},{"@type":"Person","@id":"http:\/\/eautomobiliai.lt\/#\/schema\/person\/ecf2a967f361217d056061f74deb92f2","name":"admin","image":{"@type":"ImageObject","inLanguage":"lt-LT","@id":"http:\/\/eautomobiliai.lt\/#\/schema\/person\/image\/","url":"https:\/\/secure.gravatar.com\/avatar\/6323379efae0c70c686c7905444d6bbd?s=96&d=mm&r=g","contentUrl":"https:\/\/secure.gravatar.com\/avatar\/6323379efae0c70c686c7905444d6bbd?s=96&d=mm&r=g","caption":"admin"},"sameAs":["http:\/\/eautomobiliai.lt"],"url":"https:\/\/eautomobiliai.lt\/index.php\/author\/admin\/"}]}},"_links":{"self":[{"href":"https:\/\/eautomobiliai.lt\/index.php\/wp-json\/wp\/v2\/posts\/3677","targetHints":{"allow":["GET"]}}],"collection":[{"href":"https:\/\/eautomobiliai.lt\/index.php\/wp-json\/wp\/v2\/posts"}],"about":[{"href":"https:\/\/eautomobiliai.lt\/index.php\/wp-json\/wp\/v2\/types\/post"}],"author":[{"embeddable":true,"href":"https:\/\/eautomobiliai.lt\/index.php\/wp-json\/wp\/v2\/users\/1"}],"replies":[{"embeddable":true,"href":"https:\/\/eautomobiliai.lt\/index.php\/wp-json\/wp\/v2\/comments?post=3677"}],"version-history":[{"count":0,"href":"https:\/\/eautomobiliai.lt\/index.php\/wp-json\/wp\/v2\/posts\/3677\/revisions"}],"wp:featuredmedia":[{"embeddable":true,"href":"https:\/\/eautomobiliai.lt\/index.php\/wp-json\/wp\/v2\/media\/3678"}],"wp:attachment":[{"href":"https:\/\/eautomobiliai.lt\/index.php\/wp-json\/wp\/v2\/media?parent=3677"}],"wp:term":[{"taxonomy":"category","embeddable":true,"href":"https:\/\/eautomobiliai.lt\/index.php\/wp-json\/wp\/v2\/categories?post=3677"},{"taxonomy":"post_tag","embeddable":true,"href":"https:\/\/eautomobiliai.lt\/index.php\/wp-json\/wp\/v2\/tags?post=3677"}],"curies":[{"name":"wp","href":"https:\/\/api.w.org\/{rel}","templated":true}]}}