{"id":3707,"date":"2026-03-11T18:41:21","date_gmt":"2026-03-11T18:41:21","guid":{"rendered":"https:\/\/eautomobiliai.lt\/index.php\/2026\/03\/11\/vw-grupe-pasieke-4-milijonus-bev-pristatytu-visame-pasaulyje\/"},"modified":"2026-03-11T18:41:21","modified_gmt":"2026-03-11T18:41:21","slug":"vw-grupe-pasieke-4-milijonus-bev-pristatytu-visame-pasaulyje","status":"publish","type":"post","link":"https:\/\/eautomobiliai.lt\/index.php\/2026\/03\/11\/vw-grupe-pasieke-4-milijonus-bev-pristatytu-visame-pasaulyje\/","title":{"rendered":"VW grup\u0117 pasiek\u0117 4 milijonus BEV pristatyt\u0173 visame pasaulyje"},"content":{"rendered":"<p> <br \/>\n<\/p>\n<div id=\"\">\n<p>\u201eVolkswagen Group\u201c k\u0105 tik pasiek\u0117 reik\u0161ming\u0105 savo (ir pasaulio) EV per\u0117jimo etap\u0105 \u2013 parduota keturi\u0173 milijon\u0173 piln\u0173 akumuliatori\u0173 elektrini\u0173 transporto priemoni\u0173, pra\u0117jus \u0161iek tiek daugiau nei de\u0161imtme\u010diui nuo pirmojo pasi\u016blymo.<\/p>\n<p>VW savo kelion\u0119 elektra prad\u0117jo 2013 m. su e-up! \u2013 elektrin\u0117 VW up versija! \u2013 ir 2014 m. pasek\u0117 jos populiaraus \u201eGolf\u201c modelio elektrine versija.<\/p>\n<p>Dabar visame pasaulyje jie pristat\u0117 keturis milijonus BEV, \u012fskaitant \u201eAudi\u201c, \u201ePorsche\u201c, \u201eCupra\u201c ir \u201eSkoda\u201c preki\u0173 \u017eenkl\u0173 elektromobilius. Dauguma j\u0173 parduota nuo 2019 m., kai grup\u0117 pristat\u0117 tik elektrai skirt\u0105 platform\u0105 MEB, ant kurios buvo pastatyti trys milijonai i\u0161 \u0161i\u0173 keturi\u0173 milijon\u0173.<\/p>\n<p>Toliau pateiktame s\u0105ra\u0161e ap\u017evelgiama 10 populiariausi\u0173 Volkswagen grup\u0117s BEV (t\u016bkstan\u010dio tikslumu), kurie iki \u0161iol kartu sudar\u0117 daugiau nei 80 procent\u0173 pristatym\u0173:<\/p>\n<figure id=\"attachment_194414\" aria-describedby=\"caption-attachment-194414\" style=\"width: 388px\" class=\"wp-caption aligncenter\"><img loading=\"lazy\" decoding=\"async\" class=\"wp-image-194414 size-medium\" src=\"https:\/\/thedriven.io\/wp-content\/uploads\/2026\/03\/VW-Group-cumulative-model-sales-Table-as-image-388x255.jpg\" alt=\"\" width=\"388\" height=\"255\" srcset=\"https:\/\/thedriven.io\/wp-content\/uploads\/2026\/03\/VW-Group-cumulative-model-sales-Table-as-image-388x255.jpg 388w, https:\/\/thedriven.io\/wp-content\/uploads\/2026\/03\/VW-Group-cumulative-model-sales-Table-as-image-120x79.jpg 120w, https:\/\/thedriven.io\/wp-content\/uploads\/2026\/03\/VW-Group-cumulative-model-sales-Table-as-image-90x59.jpg 90w, https:\/\/thedriven.io\/wp-content\/uploads\/2026\/03\/VW-Group-cumulative-model-sales-Table-as-image-320x210.jpg 320w, https:\/\/thedriven.io\/wp-content\/uploads\/2026\/03\/VW-Group-cumulative-model-sales-Table-as-image-150x99.jpg 150w, https:\/\/thedriven.io\/wp-content\/uploads\/2026\/03\/VW-Group-cumulative-model-sales-Table-as-image-240x158.jpg 240w, https:\/\/thedriven.io\/wp-content\/uploads\/2026\/03\/VW-Group-cumulative-model-sales-Table-as-image-180x118.jpg 180w, https:\/\/thedriven.io\/wp-content\/uploads\/2026\/03\/VW-Group-cumulative-model-sales-Table-as-image-300x197.jpg 300w, https:\/\/thedriven.io\/wp-content\/uploads\/2026\/03\/VW-Group-cumulative-model-sales-Table-as-image.jpg 391w\" sizes=\"auto, (max-width: 388px) 100vw, 388px\"\/><figcaption id=\"caption-attachment-194414\" class=\"wp-caption-text\">\u201eVW Group\u201c 10 geriausi\u0173 BEV<\/figcaption><\/figure>\n<p>Be to, yra visi\u0161kai elektrini\u0173 sunkve\u017eimi\u0173 ir autobus\u0173 i\u0161 VW grup\u0117s preki\u0173 \u017eenkl\u0173 Scania, MAN, International ir Volkswagen Truck &#038; Bus.<\/p>\n<p>I\u0161 \u0161i\u0173 keturi\u0173 milijon\u0173 BEV ma\u017edaug pus\u0117 buvo i\u0161 Volkswagen mark\u0117s lengv\u0173j\u0173 automobili\u0173. Po to sek\u0117 \u201eSkoda\u201c su 480 t\u016bkst., \u201eSeat\/Cupra\u201c \u2013 230 t\u016bkst., o \u201eVolkswagen\u201c komerciniai automobiliai \u2013 140 t\u016bkst.<\/p>\n<p>Po to ateina apie 870 000 \u201eAudi\u201c modeli\u0173, po kuri\u0173 \u2013 dar 250 000 \u201ePorsche\u201c automobili\u0173. VW sunkve\u017eimi\u0173 mark\u0117s sudaro apie 0,3 procento i\u0161 t\u0173 keturi\u0173 milijon\u0173 BEV. (Apie 11 000 transporto priemoni\u0173).<\/p>\n<p>\u0160iuo metu ma\u017edaug tre\u010ddalis vis\u0173 VW grup\u0117s modeli\u0173 yra visi\u0161kai elektriniai, o \u0161iais metais bus pristatyta ma\u017edaug pus\u0117 vis\u0173 nauj\u0173 VW grup\u0117s modeli\u0173. Kalbant apie tai, kur jie vyksta: 68 % daugiau nei du i\u0161 trij\u0173 buvo pristatyti klientams Europoje. Kinijai teko 20 proc., o 8 proc. atiteko JAV. Visos kitos rinkos kartu sudar\u0117 likusi\u0105 dal\u012f.<\/p>\n<p>Apskritai, 2025 m. BEV sudar\u0117 beveik kas penkt\u0105 nauj\u0173 automobili\u0173 pardavim\u0105, o JK \u2013 beveik kas ketvirtas. \u0160i\u0173 met\u0173 saus\u012f Kinija (did\u017eiausia automobili\u0173 rinka pasaulyje) pataik\u0117 daugiau nei kas tre\u010di\u0105.<\/p>\n<p>Taigi, k\u0105 atne\u0161 likusieji 2026 m. Nors VW yra vienas i\u0161 daugelio gamintoj\u0173, kurie d\u0117l dabartin\u0117s JAV administracijos sukelto prie\u0161prie\u0161inio v\u0117jo kai kuriose rinkose l\u0117tina elektrifikacij\u0105, atrodo, kad tendencija tampa nei\u0161vengiama, o vienintelis kintamasis yra tikroji paskutin\u0117s masin\u0117s gamybos vidaus degimo varikliu transporto priemon\u0117s pagaminimo data.<\/p>\n<div class=\"saboxplugin-wrap\" itemtype=\"http:\/\/schema.org\/Person\" itemscope=\"\" itemprop=\"author\">\n<div class=\"saboxplugin-tab\">\n<div class=\"saboxplugin-gravatar\"><img decoding=\"async\" width=\"100\" height=\"100\" alt=\"Bryce'as Gatonas\" itemprop=\"image\" loading=\"lazy\" class=\"native-lazyload-js-fallback\" src=\"https:\/\/b2232832.smushcdn.com\/2232832\/wp-content\/uploads\/2021\/11\/bryce_100x100.jpg?lossy=1&amp;strip=0&amp;webp=1\"\/><img loading=\"lazy\" decoding=\"async\" src=\"https:\/\/thedriven.io\/wp-content\/uploads\/2021\/11\/bryce_100x100.jpg\" width=\"100\" height=\"100\" alt=\"Bryce'as Gatonas\" itemprop=\"image\"\/><\/div>\n<div class=\"saboxplugin-desc\">\n<div itemprop=\"description\">\n<p>Bryce&#8217;as Gatonas yra elektrini\u0173 transporto priemoni\u0173 ekspertas ir \u201eThe Driven and Renew Economy\u201c bendradarbis. Jis dirba elektromobili\u0173 sektoriuje nuo 2008 m. ir \u0161iuo metu dirba EV elektros saugos treneriu \/ vadovu Melburno universitete. Jis taip pat teikia param\u0105 EV Transition verslui, vyriausybei ir visuomenei per savo EV Transition konsultacij\u0105 <i>EVchoice<\/i>.<\/p>\n<\/div>\n<\/div>\n<\/div>\n<\/div>\n<p><!-- AI CONTENT END 1 --><\/p><\/div>\n<p><br \/>\n<br \/><a href=\"https:\/\/thedriven.io\/2026\/03\/09\/vw-group-hit-4-million-bevs-delivered-worldwide\/\">Source link <\/a><\/p>\n","protected":false},"excerpt":{"rendered":"<p>\u201eVolkswagen Group\u201c k\u0105 tik pasiek\u0117 reik\u0161ming\u0105 savo (ir pasaulio) EV per\u0117jimo etap\u0105 \u2013 parduota keturi\u0173 milijon\u0173 piln\u0173 akumuliatori\u0173 elektrini\u0173 transporto&hellip;<\/p>\n","protected":false},"author":1,"featured_media":3708,"comment_status":"open","ping_status":"open","sticky":false,"template":"","format":"standard","meta":{"om_disable_all_campaigns":false,"_monsterinsights_skip_tracking":false,"_monsterinsights_sitenote_active":false,"_monsterinsights_sitenote_note":"","_monsterinsights_sitenote_category":0,"footnotes":""},"categories":[39],"tags":[3090,1989,2327,1494,2245,2989,1914],"class_list":["post-3707","post","type-post","status-publish","format-standard","has-post-thumbnail","hentry","category-eautomobiliu-technine-puse","tag-bev","tag-grupe","tag-milijonus","tag-pasaulyje","tag-pasieke","tag-pristatytu","tag-visame"],"aioseo_notices":[],"yoast_head":"<!-- This site is optimized with the Yoast SEO plugin v26.8 - https:\/\/yoast.com\/product\/yoast-seo-wordpress\/ -->\n<title>VW grup\u0117 pasiek\u0117 4 milijonus BEV pristatyt\u0173 visame pasaulyje - Eautomobiliai.lt<\/title>\n<meta name=\"robots\" content=\"index, follow, max-snippet:-1, max-image-preview:large, max-video-preview:-1\" \/>\n<link rel=\"canonical\" href=\"https:\/\/eautomobiliai.lt\/index.php\/2026\/03\/11\/vw-grupe-pasieke-4-milijonus-bev-pristatytu-visame-pasaulyje\/\" \/>\n<meta property=\"og:locale\" content=\"lt_LT\" \/>\n<meta property=\"og:type\" content=\"article\" \/>\n<meta property=\"og:title\" content=\"VW grup\u0117 pasiek\u0117 4 milijonus BEV pristatyt\u0173 visame pasaulyje - Eautomobiliai.lt\" \/>\n<meta property=\"og:description\" content=\"\u201eVolkswagen Group\u201c k\u0105 tik pasiek\u0117 reik\u0161ming\u0105 savo (ir pasaulio) EV per\u0117jimo etap\u0105 \u2013 parduota keturi\u0173 milijon\u0173 piln\u0173 akumuliatori\u0173 elektrini\u0173 transporto&hellip;\" \/>\n<meta property=\"og:url\" content=\"https:\/\/eautomobiliai.lt\/index.php\/2026\/03\/11\/vw-grupe-pasieke-4-milijonus-bev-pristatytu-visame-pasaulyje\/\" \/>\n<meta property=\"og:site_name\" content=\"Eautomobiliai.lt\" \/>\n<meta property=\"article:published_time\" content=\"2026-03-11T18:41:21+00:00\" \/>\n<meta property=\"og:image\" content=\"https:\/\/eautomobiliai.lt\/wp-content\/uploads\/2026\/03\/VW-grupe-pasieke-4-milijonus-BEV-pristatytu-visame-pasaulyje.jpg\" \/>\n\t<meta property=\"og:image:width\" content=\"1200\" \/>\n\t<meta property=\"og:image:height\" content=\"675\" \/>\n\t<meta property=\"og:image:type\" content=\"image\/jpeg\" \/>\n<meta name=\"author\" content=\"admin\" \/>\n<meta name=\"twitter:card\" content=\"summary_large_image\" \/>\n<meta name=\"twitter:label1\" content=\"Written by\" \/>\n\t<meta name=\"twitter:data1\" content=\"admin\" \/>\n\t<meta name=\"twitter:label2\" content=\"Est. reading time\" \/>\n\t<meta name=\"twitter:data2\" content=\"2 minut\u0117s\" \/>\n<script type=\"application\/ld+json\" class=\"yoast-schema-graph\">{\"@context\":\"https:\/\/schema.org\",\"@graph\":[{\"@type\":\"Article\",\"@id\":\"https:\/\/eautomobiliai.lt\/index.php\/2026\/03\/11\/vw-grupe-pasieke-4-milijonus-bev-pristatytu-visame-pasaulyje\/#article\",\"isPartOf\":{\"@id\":\"https:\/\/eautomobiliai.lt\/index.php\/2026\/03\/11\/vw-grupe-pasieke-4-milijonus-bev-pristatytu-visame-pasaulyje\/\"},\"author\":{\"name\":\"admin\",\"@id\":\"https:\/\/eautomobiliai.lt\/#\/schema\/person\/ecf2a967f361217d056061f74deb92f2\"},\"headline\":\"VW grup\u0117 pasiek\u0117 4 milijonus BEV pristatyt\u0173 visame pasaulyje\",\"datePublished\":\"2026-03-11T18:41:21+00:00\",\"mainEntityOfPage\":{\"@id\":\"https:\/\/eautomobiliai.lt\/index.php\/2026\/03\/11\/vw-grupe-pasieke-4-milijonus-bev-pristatytu-visame-pasaulyje\/\"},\"wordCount\":413,\"commentCount\":0,\"image\":{\"@id\":\"https:\/\/eautomobiliai.lt\/index.php\/2026\/03\/11\/vw-grupe-pasieke-4-milijonus-bev-pristatytu-visame-pasaulyje\/#primaryimage\"},\"thumbnailUrl\":\"https:\/\/eautomobiliai.lt\/wp-content\/uploads\/2026\/03\/VW-grupe-pasieke-4-milijonus-BEV-pristatytu-visame-pasaulyje.jpg\",\"keywords\":[\"BEV\",\"grup\u0119\",\"milijonus\",\"pasaulyje\",\"pasiek\u0117\",\"pristatyt\u0173\",\"visame\"],\"articleSection\":[\"eAUTOMOBILI\u0172 TECHNIN\u0116 PUS\u0116\"],\"inLanguage\":\"lt-LT\",\"potentialAction\":[{\"@type\":\"CommentAction\",\"name\":\"Comment\",\"target\":[\"https:\/\/eautomobiliai.lt\/index.php\/2026\/03\/11\/vw-grupe-pasieke-4-milijonus-bev-pristatytu-visame-pasaulyje\/#respond\"]}]},{\"@type\":\"WebPage\",\"@id\":\"https:\/\/eautomobiliai.lt\/index.php\/2026\/03\/11\/vw-grupe-pasieke-4-milijonus-bev-pristatytu-visame-pasaulyje\/\",\"url\":\"https:\/\/eautomobiliai.lt\/index.php\/2026\/03\/11\/vw-grupe-pasieke-4-milijonus-bev-pristatytu-visame-pasaulyje\/\",\"name\":\"VW grup\u0117 pasiek\u0117 4 milijonus BEV pristatyt\u0173 visame pasaulyje - Eautomobiliai.lt\",\"isPartOf\":{\"@id\":\"https:\/\/eautomobiliai.lt\/#website\"},\"primaryImageOfPage\":{\"@id\":\"https:\/\/eautomobiliai.lt\/index.php\/2026\/03\/11\/vw-grupe-pasieke-4-milijonus-bev-pristatytu-visame-pasaulyje\/#primaryimage\"},\"image\":{\"@id\":\"https:\/\/eautomobiliai.lt\/index.php\/2026\/03\/11\/vw-grupe-pasieke-4-milijonus-bev-pristatytu-visame-pasaulyje\/#primaryimage\"},\"thumbnailUrl\":\"https:\/\/eautomobiliai.lt\/wp-content\/uploads\/2026\/03\/VW-grupe-pasieke-4-milijonus-BEV-pristatytu-visame-pasaulyje.jpg\",\"datePublished\":\"2026-03-11T18:41:21+00:00\",\"author\":{\"@id\":\"https:\/\/eautomobiliai.lt\/#\/schema\/person\/ecf2a967f361217d056061f74deb92f2\"},\"breadcrumb\":{\"@id\":\"https:\/\/eautomobiliai.lt\/index.php\/2026\/03\/11\/vw-grupe-pasieke-4-milijonus-bev-pristatytu-visame-pasaulyje\/#breadcrumb\"},\"inLanguage\":\"lt-LT\",\"potentialAction\":[{\"@type\":\"ReadAction\",\"target\":[\"https:\/\/eautomobiliai.lt\/index.php\/2026\/03\/11\/vw-grupe-pasieke-4-milijonus-bev-pristatytu-visame-pasaulyje\/\"]}]},{\"@type\":\"ImageObject\",\"inLanguage\":\"lt-LT\",\"@id\":\"https:\/\/eautomobiliai.lt\/index.php\/2026\/03\/11\/vw-grupe-pasieke-4-milijonus-bev-pristatytu-visame-pasaulyje\/#primaryimage\",\"url\":\"https:\/\/eautomobiliai.lt\/wp-content\/uploads\/2026\/03\/VW-grupe-pasieke-4-milijonus-BEV-pristatytu-visame-pasaulyje.jpg\",\"contentUrl\":\"https:\/\/eautomobiliai.lt\/wp-content\/uploads\/2026\/03\/VW-grupe-pasieke-4-milijonus-BEV-pristatytu-visame-pasaulyje.jpg\",\"width\":1200,\"height\":675},{\"@type\":\"BreadcrumbList\",\"@id\":\"https:\/\/eautomobiliai.lt\/index.php\/2026\/03\/11\/vw-grupe-pasieke-4-milijonus-bev-pristatytu-visame-pasaulyje\/#breadcrumb\",\"itemListElement\":[{\"@type\":\"ListItem\",\"position\":1,\"name\":\"Home\",\"item\":\"https:\/\/eautomobiliai.lt\/\"},{\"@type\":\"ListItem\",\"position\":2,\"name\":\"VW grup\u0117 pasiek\u0117 4 milijonus BEV pristatyt\u0173 visame pasaulyje\"}]},{\"@type\":\"WebSite\",\"@id\":\"https:\/\/eautomobiliai.lt\/#website\",\"url\":\"https:\/\/eautomobiliai.lt\/\",\"name\":\"Eautomobiliai.lt\",\"description\":\"Elektrinis transportas, technologijos\",\"potentialAction\":[{\"@type\":\"SearchAction\",\"target\":{\"@type\":\"EntryPoint\",\"urlTemplate\":\"https:\/\/eautomobiliai.lt\/?s={search_term_string}\"},\"query-input\":{\"@type\":\"PropertyValueSpecification\",\"valueRequired\":true,\"valueName\":\"search_term_string\"}}],\"inLanguage\":\"lt-LT\"},{\"@type\":\"Person\",\"@id\":\"https:\/\/eautomobiliai.lt\/#\/schema\/person\/ecf2a967f361217d056061f74deb92f2\",\"name\":\"admin\",\"image\":{\"@type\":\"ImageObject\",\"inLanguage\":\"lt-LT\",\"@id\":\"https:\/\/eautomobiliai.lt\/#\/schema\/person\/image\/\",\"url\":\"https:\/\/secure.gravatar.com\/avatar\/6323379efae0c70c686c7905444d6bbd?s=96&d=mm&r=g\",\"contentUrl\":\"https:\/\/secure.gravatar.com\/avatar\/6323379efae0c70c686c7905444d6bbd?s=96&d=mm&r=g\",\"caption\":\"admin\"},\"sameAs\":[\"http:\/\/eautomobiliai.lt\"],\"url\":\"https:\/\/eautomobiliai.lt\/index.php\/author\/admin\/\"}]}<\/script>\n<!-- \/ Yoast SEO plugin. -->","yoast_head_json":{"title":"VW grup\u0117 pasiek\u0117 4 milijonus BEV pristatyt\u0173 visame pasaulyje - Eautomobiliai.lt","robots":{"index":"index","follow":"follow","max-snippet":"max-snippet:-1","max-image-preview":"max-image-preview:large","max-video-preview":"max-video-preview:-1"},"canonical":"https:\/\/eautomobiliai.lt\/index.php\/2026\/03\/11\/vw-grupe-pasieke-4-milijonus-bev-pristatytu-visame-pasaulyje\/","og_locale":"lt_LT","og_type":"article","og_title":"VW grup\u0117 pasiek\u0117 4 milijonus BEV pristatyt\u0173 visame pasaulyje - Eautomobiliai.lt","og_description":"\u201eVolkswagen Group\u201c k\u0105 tik pasiek\u0117 reik\u0161ming\u0105 savo (ir pasaulio) EV per\u0117jimo etap\u0105 \u2013 parduota keturi\u0173 milijon\u0173 piln\u0173 akumuliatori\u0173 elektrini\u0173 transporto&hellip;","og_url":"https:\/\/eautomobiliai.lt\/index.php\/2026\/03\/11\/vw-grupe-pasieke-4-milijonus-bev-pristatytu-visame-pasaulyje\/","og_site_name":"Eautomobiliai.lt","article_published_time":"2026-03-11T18:41:21+00:00","og_image":[{"width":1200,"height":675,"url":"https:\/\/eautomobiliai.lt\/wp-content\/uploads\/2026\/03\/VW-grupe-pasieke-4-milijonus-BEV-pristatytu-visame-pasaulyje.jpg","type":"image\/jpeg"}],"author":"admin","twitter_card":"summary_large_image","twitter_misc":{"Written by":"admin","Est. reading time":"2 minut\u0117s"},"schema":{"@context":"https:\/\/schema.org","@graph":[{"@type":"Article","@id":"https:\/\/eautomobiliai.lt\/index.php\/2026\/03\/11\/vw-grupe-pasieke-4-milijonus-bev-pristatytu-visame-pasaulyje\/#article","isPartOf":{"@id":"https:\/\/eautomobiliai.lt\/index.php\/2026\/03\/11\/vw-grupe-pasieke-4-milijonus-bev-pristatytu-visame-pasaulyje\/"},"author":{"name":"admin","@id":"https:\/\/eautomobiliai.lt\/#\/schema\/person\/ecf2a967f361217d056061f74deb92f2"},"headline":"VW grup\u0117 pasiek\u0117 4 milijonus BEV pristatyt\u0173 visame pasaulyje","datePublished":"2026-03-11T18:41:21+00:00","mainEntityOfPage":{"@id":"https:\/\/eautomobiliai.lt\/index.php\/2026\/03\/11\/vw-grupe-pasieke-4-milijonus-bev-pristatytu-visame-pasaulyje\/"},"wordCount":413,"commentCount":0,"image":{"@id":"https:\/\/eautomobiliai.lt\/index.php\/2026\/03\/11\/vw-grupe-pasieke-4-milijonus-bev-pristatytu-visame-pasaulyje\/#primaryimage"},"thumbnailUrl":"https:\/\/eautomobiliai.lt\/wp-content\/uploads\/2026\/03\/VW-grupe-pasieke-4-milijonus-BEV-pristatytu-visame-pasaulyje.jpg","keywords":["BEV","grup\u0119","milijonus","pasaulyje","pasiek\u0117","pristatyt\u0173","visame"],"articleSection":["eAUTOMOBILI\u0172 TECHNIN\u0116 PUS\u0116"],"inLanguage":"lt-LT","potentialAction":[{"@type":"CommentAction","name":"Comment","target":["https:\/\/eautomobiliai.lt\/index.php\/2026\/03\/11\/vw-grupe-pasieke-4-milijonus-bev-pristatytu-visame-pasaulyje\/#respond"]}]},{"@type":"WebPage","@id":"https:\/\/eautomobiliai.lt\/index.php\/2026\/03\/11\/vw-grupe-pasieke-4-milijonus-bev-pristatytu-visame-pasaulyje\/","url":"https:\/\/eautomobiliai.lt\/index.php\/2026\/03\/11\/vw-grupe-pasieke-4-milijonus-bev-pristatytu-visame-pasaulyje\/","name":"VW grup\u0117 pasiek\u0117 4 milijonus BEV pristatyt\u0173 visame pasaulyje - Eautomobiliai.lt","isPartOf":{"@id":"https:\/\/eautomobiliai.lt\/#website"},"primaryImageOfPage":{"@id":"https:\/\/eautomobiliai.lt\/index.php\/2026\/03\/11\/vw-grupe-pasieke-4-milijonus-bev-pristatytu-visame-pasaulyje\/#primaryimage"},"image":{"@id":"https:\/\/eautomobiliai.lt\/index.php\/2026\/03\/11\/vw-grupe-pasieke-4-milijonus-bev-pristatytu-visame-pasaulyje\/#primaryimage"},"thumbnailUrl":"https:\/\/eautomobiliai.lt\/wp-content\/uploads\/2026\/03\/VW-grupe-pasieke-4-milijonus-BEV-pristatytu-visame-pasaulyje.jpg","datePublished":"2026-03-11T18:41:21+00:00","author":{"@id":"https:\/\/eautomobiliai.lt\/#\/schema\/person\/ecf2a967f361217d056061f74deb92f2"},"breadcrumb":{"@id":"https:\/\/eautomobiliai.lt\/index.php\/2026\/03\/11\/vw-grupe-pasieke-4-milijonus-bev-pristatytu-visame-pasaulyje\/#breadcrumb"},"inLanguage":"lt-LT","potentialAction":[{"@type":"ReadAction","target":["https:\/\/eautomobiliai.lt\/index.php\/2026\/03\/11\/vw-grupe-pasieke-4-milijonus-bev-pristatytu-visame-pasaulyje\/"]}]},{"@type":"ImageObject","inLanguage":"lt-LT","@id":"https:\/\/eautomobiliai.lt\/index.php\/2026\/03\/11\/vw-grupe-pasieke-4-milijonus-bev-pristatytu-visame-pasaulyje\/#primaryimage","url":"https:\/\/eautomobiliai.lt\/wp-content\/uploads\/2026\/03\/VW-grupe-pasieke-4-milijonus-BEV-pristatytu-visame-pasaulyje.jpg","contentUrl":"https:\/\/eautomobiliai.lt\/wp-content\/uploads\/2026\/03\/VW-grupe-pasieke-4-milijonus-BEV-pristatytu-visame-pasaulyje.jpg","width":1200,"height":675},{"@type":"BreadcrumbList","@id":"https:\/\/eautomobiliai.lt\/index.php\/2026\/03\/11\/vw-grupe-pasieke-4-milijonus-bev-pristatytu-visame-pasaulyje\/#breadcrumb","itemListElement":[{"@type":"ListItem","position":1,"name":"Home","item":"https:\/\/eautomobiliai.lt\/"},{"@type":"ListItem","position":2,"name":"VW grup\u0117 pasiek\u0117 4 milijonus BEV pristatyt\u0173 visame pasaulyje"}]},{"@type":"WebSite","@id":"https:\/\/eautomobiliai.lt\/#website","url":"https:\/\/eautomobiliai.lt\/","name":"Eautomobiliai.lt","description":"Elektrinis transportas, technologijos","potentialAction":[{"@type":"SearchAction","target":{"@type":"EntryPoint","urlTemplate":"https:\/\/eautomobiliai.lt\/?s={search_term_string}"},"query-input":{"@type":"PropertyValueSpecification","valueRequired":true,"valueName":"search_term_string"}}],"inLanguage":"lt-LT"},{"@type":"Person","@id":"https:\/\/eautomobiliai.lt\/#\/schema\/person\/ecf2a967f361217d056061f74deb92f2","name":"admin","image":{"@type":"ImageObject","inLanguage":"lt-LT","@id":"https:\/\/eautomobiliai.lt\/#\/schema\/person\/image\/","url":"https:\/\/secure.gravatar.com\/avatar\/6323379efae0c70c686c7905444d6bbd?s=96&d=mm&r=g","contentUrl":"https:\/\/secure.gravatar.com\/avatar\/6323379efae0c70c686c7905444d6bbd?s=96&d=mm&r=g","caption":"admin"},"sameAs":["http:\/\/eautomobiliai.lt"],"url":"https:\/\/eautomobiliai.lt\/index.php\/author\/admin\/"}]}},"_links":{"self":[{"href":"https:\/\/eautomobiliai.lt\/index.php\/wp-json\/wp\/v2\/posts\/3707","targetHints":{"allow":["GET"]}}],"collection":[{"href":"https:\/\/eautomobiliai.lt\/index.php\/wp-json\/wp\/v2\/posts"}],"about":[{"href":"https:\/\/eautomobiliai.lt\/index.php\/wp-json\/wp\/v2\/types\/post"}],"author":[{"embeddable":true,"href":"https:\/\/eautomobiliai.lt\/index.php\/wp-json\/wp\/v2\/users\/1"}],"replies":[{"embeddable":true,"href":"https:\/\/eautomobiliai.lt\/index.php\/wp-json\/wp\/v2\/comments?post=3707"}],"version-history":[{"count":0,"href":"https:\/\/eautomobiliai.lt\/index.php\/wp-json\/wp\/v2\/posts\/3707\/revisions"}],"wp:featuredmedia":[{"embeddable":true,"href":"https:\/\/eautomobiliai.lt\/index.php\/wp-json\/wp\/v2\/media\/3708"}],"wp:attachment":[{"href":"https:\/\/eautomobiliai.lt\/index.php\/wp-json\/wp\/v2\/media?parent=3707"}],"wp:term":[{"taxonomy":"category","embeddable":true,"href":"https:\/\/eautomobiliai.lt\/index.php\/wp-json\/wp\/v2\/categories?post=3707"},{"taxonomy":"post_tag","embeddable":true,"href":"https:\/\/eautomobiliai.lt\/index.php\/wp-json\/wp\/v2\/tags?post=3707"}],"curies":[{"name":"wp","href":"https:\/\/api.w.org\/{rel}","templated":true}]}}