{"id":3765,"date":"2026-03-17T14:42:14","date_gmt":"2026-03-17T14:42:14","guid":{"rendered":"https:\/\/eautomobiliai.lt\/index.php\/2026\/03\/17\/audi-netrukus-pristatys-pigiausia-ev-vaizdai\/"},"modified":"2026-03-17T14:42:14","modified_gmt":"2026-03-17T14:42:14","slug":"audi-netrukus-pristatys-pigiausia-ev-vaizdai","status":"publish","type":"post","link":"https:\/\/eautomobiliai.lt\/index.php\/2026\/03\/17\/audi-netrukus-pristatys-pigiausia-ev-vaizdai\/","title":{"rendered":"\u201eAudi\u201c netrukus pristatys pigiausi\u0105 EV (vaizdai)"},"content":{"rendered":"<p> <br \/>\n<\/p>\n<div xmlns:default=\"https:\/\/www.w3.org\/2000\/svg\">\n<figure class=\"img-border featured-image\">\n<p>\t<br \/>\n\t<\/figure>\n<p>Keturi\u0173 \u017eied\u0173 prek\u0117s \u017eenklas atgaivina keist\u0105 A2 savo naujajam pradinio lygio EV. \u201eAudi\u201c \u017eada, kad \u201eA2 e-tron\u201c pasi\u016blys nauj\u0105 auk\u0161\u010diausios klas\u0117s elektromobili\u0173 \u012f\u0117jimo ta\u0161k\u0105. \u0160tai ko tik\u0117tis.<\/p>\n<p><span id=\"more-459967\"\/><\/p>\n<h2 class=\"wp-block-heading\" id=\"h-the-audi-a2-e-tron-will-be-a-new-entry-level-ev-hatch\">Audi A2 e-tron bus naujas pradinio lygio EV liukas<\/h2>\n<p>Tai oficialu. \u201eAudi\u201c generalinis direktorius Gernot D\u00f6llner antradien\u012f patvirtino, kad A2 e-tron debiutuos \u0161\u012f ruden\u012f, pa\u017ead\u0117damas, kad \u201e\u012f\u017eengti \u012f Audi pasaul\u012f bus lengviau ir aktualiau nei bet kada anks\u010diau\u201c.<\/p>\n<p>Po daugiau nei 25 met\u0173 pertraukos A2 gr\u012f\u017eta kaip naujas pradinio lygio EV. A2 e-tron prabangi\u0173 preki\u0173 \u017eenkl\u0173 asortimente bus \u017eemiau Q4 e-tron, o kainos tur\u0117t\u0173 prasid\u0117ti nuo ma\u017eiau nei 40 000 USD (30 000 GBP).<\/p>\n<p>&#8222;Mes \u012fsiklaus\u0117me. M\u016bs\u0173 klientai nori elektrinio mobilumo, kuris daro \u012fsp\u016bd\u012f kasdieniame gyvenime&#8221;, &#8211; sak\u0117 D\u00f6llneris ir prid\u016br\u0117, kad &#8222;A2 e-tron yra m\u016bs\u0173 pa\u017eadas pateikti b\u016btent tai \u2013 efektyvus, kompakti\u0161kas ir pasitikintis savimi.&#8221;<\/p>\n<p>\t<span class=\"outbrain-ad-label\">Reklama \u2013 slinkite, kad gautum\u0117te daugiau turinio<\/span><\/p>\n<p>\u201eAudi\u201c teig\u0117, kad pradinio lygio elektromobiliai atvers prieig\u0105 prie auk\u0161\u010diausios kokyb\u0117s elektrinio mobilumo ir \u201eatnaujins\u201c savo asortiment\u0105. A2 e-tron bus gaminamas Ingolsstadt b\u016bstin\u0117je, prisijungdamas prie Q6 e-tron. D\u00f6llneris, prid\u0117damas dar vien\u0105 visi\u0161kai elektrin\u012f model\u012f Ingol\u0161tate, sak\u0117: \u201eU\u017etikriname darbo vietas ir pristatome elektrin\u012f mobilum\u0105, pagamint\u0105 Vokietijoje\u201c.<\/p>\n<figure class=\"wp-block-image aligncenter size-large\"><img loading=\"lazy\" decoding=\"async\" height=\"512\" width=\"1024\" src=\"https:\/\/electrek.co\/wp-content\/uploads\/sites\/3\/2026\/02\/Audi-affordable-EV-A2.jpeg?quality=82&amp;strip=all&amp;w=1024\" alt=\"Audi-labiausiai prieinamas-EV-A2-etron\" class=\"wp-image-454035\" srcset=\"https:\/\/electrek.co\/wp-content\/uploads\/sites\/3\/2026\/02\/Audi-affordable-EV-A2.jpeg 1400w, https:\/\/electrek.co\/wp-content\/uploads\/sites\/3\/2026\/02\/Audi-affordable-EV-A2.jpeg?resize=150,75 150w, https:\/\/electrek.co\/wp-content\/uploads\/sites\/3\/2026\/02\/Audi-affordable-EV-A2.jpeg?resize=300,150 300w, https:\/\/electrek.co\/wp-content\/uploads\/sites\/3\/2026\/02\/Audi-affordable-EV-A2.jpeg?resize=768,384 768w, https:\/\/electrek.co\/wp-content\/uploads\/sites\/3\/2026\/02\/Audi-affordable-EV-A2.jpeg?resize=1024,512 1024w, https:\/\/electrek.co\/wp-content\/uploads\/sites\/3\/2026\/02\/Audi-affordable-EV-A2.jpeg?resize=350,175 350w, https:\/\/electrek.co\/wp-content\/uploads\/sites\/3\/2026\/02\/Audi-affordable-EV-A2.jpeg?resize=140,70 140w, https:\/\/electrek.co\/wp-content\/uploads\/sites\/3\/2026\/02\/Audi-affordable-EV-A2.jpeg?resize=290,145 290w, https:\/\/electrek.co\/wp-content\/uploads\/sites\/3\/2026\/02\/Audi-affordable-EV-A2.jpeg?resize=600,300 600w\" sizes=\"auto, (max-width: 1024px) 100vw, 1024px\"\/><figcaption class=\"wp-element-caption\">Audi A2 (\u0161altinis: Audi)<\/figcaption><\/figure>\n<p>Prie\u0161 pasaulin\u0119 premjer\u0105 ruden\u012f, Audi pirm\u0105 kart\u0105 ap\u017ei\u016br\u0117jo siluet\u0105. Anonsas atskleid\u017eia kry\u017emin\u012f liuk\u0105 primenant\u012f dizain\u0105, o ne li\u016bdnai pagars\u0117jusi\u0105 A2 kiau\u0161inio formos i\u0161vaizd\u0105 (parodyta auk\u0161\u010diau).<\/p>\n<p>Naujausi \u0161nip\u0173 kadrai i\u0161 <em>AudiClubNA<\/em> pasi\u016bl\u0117 atid\u017eiau pa\u017evelgti \u012f dizain\u0105 ir \u017evilgtel\u0117ti \u012f interjer\u0105. Kaip ir anonsas, elektrinis A2 e-tron turi crossover-he\u010dbeko profil\u012f, ta\u010diau vis tiek pagerbia savo pirmtak\u0105.<\/p>\n<blockquote class=\"instagram-media\" data-instgrm-permalink=\"https:\/\/www.instagram.com\/p\/DVLa95ciKS9\/?utm_source=ig_embed&amp;utm_campaign=loading\" data-instgrm-version=\"14\" style=\" background:#FFF; border:0; border-radius:3px; box-shadow:0 0 1px 0 rgba(0,0,0,0.5),0 1px 10px 0 rgba(0,0,0,0.15); margin: 1px; max-width:540px; min-width:326px; padding:0; width:99.375%; width:-webkit-calc(100% - 2px); width:calc(100% - 2px);\"\/>\n<p>Pagal <em>Automobilis<\/em>A2 e-tron dalinsis ta pa\u010dia MEB platforma su VW ID.3. Tik\u0117tina, kad j\u012f bus galima \u012fsigyti su pana\u0161iomis baterijomis.<\/p>\n<p>ID.3 si\u016blomas su 58 kWh arba 79 kWh baterijomis, kurios WLTP nuva\u017eiuoja atitinkamai apie 265 myli\u0173 (426 km) ir 373 myli\u0173 (600 km).<\/p>\n<p>\u201eAudi\u201c in\u017einieriai teig\u0117, kad pradinio lygio EV yra skirtas u\u017epildyti sprag\u0105, kuri\u0105 paliko BMW i3, kuris taip pat tur\u0117t\u0173 gr\u012f\u017eti elektriniu pavidalu. Prie\u0161 tai <span style=\"margin: 0px; padding: 0px;\">Kovo 18 d. debiutav\u0119s BMW pirmadien\u012f nety\u010dia nutekino nauj\u0105j\u012f \u201ei3 EV\u201c dizain\u0105 (\u017er.<\/span>.<\/p>\n<p>Per pastaruosius dvejus metus pristatyta daugiau nei 20 nauj\u0173 modeli\u0173, \u201eAudi\u201c teig\u0117, kad turi jauniausi\u0105 portfel\u012f tarp konkurent\u0173. Be Q9, naujasis A2 e-tron 2026 m. \u201estrategi\u0161kai patobulins\u201c asortiment\u0105 kaip \u012fperkamiausias \u201eAudi\u201c elektromobilis.<\/p>\n<div class=\"google-preferred-source-badge\">\n<p>\t\t\t<img decoding=\"async\" class=\"google-preferred-source-badge-dark\" src=\"https:\/\/electrek.co\/wp-content\/themes\/ninetofive\/dist\/images\/google-preferred-source-badge-dark.png\" alt=\"Prid\u0117kite \u201eElectrek\u201c kaip pageidaujam\u0105 \u201eGoogle\u201c \u0161altin\u012f\"\/><br \/>\n\t\t\t<img decoding=\"async\" class=\"google-preferred-source-badge-light\" src=\"https:\/\/electrek.co\/wp-content\/themes\/ninetofive\/dist\/images\/google-preferred-source-badge-light.png\" alt=\"Prid\u0117kite \u201eElectrek\u201c kaip pageidaujam\u0105 \u201eGoogle\u201c \u0161altin\u012f\"\/><\/p><\/div>\n<div class=\"ad-disclaimer-container\">\n<p class=\"disclaimer-affiliate\"><em>FTC: naudojame pajamas u\u017edirban\u010di\u0173 automobili\u0173 filial\u0173 nuorodas.<\/em> Daugiau.<\/p>\n<p><!-- post ad --><\/div>\n<\/p><\/div>\n<p><script async src=\"\/\/www.instagram.com\/embed.js\"><\/script><br \/>\n<br \/><br \/>\n<br \/><a href=\"https:\/\/electrek.co\/2026\/03\/17\/audi-unveil-most-affordable-ev-images\/\">Source link <\/a><\/p>\n","protected":false},"excerpt":{"rendered":"<p>Keturi\u0173 \u017eied\u0173 prek\u0117s \u017eenklas atgaivina keist\u0105 A2 savo naujajam pradinio lygio EV. \u201eAudi\u201c \u017eada, kad \u201eA2 e-tron\u201c pasi\u016blys nauj\u0105 auk\u0161\u010diausios&hellip;<\/p>\n","protected":false},"author":1,"featured_media":3766,"comment_status":"open","ping_status":"open","sticky":false,"template":"","format":"standard","meta":{"om_disable_all_campaigns":false,"_monsterinsights_skip_tracking":false,"_monsterinsights_sitenote_active":false,"_monsterinsights_sitenote_note":"","_monsterinsights_sitenote_category":0,"footnotes":""},"categories":[8],"tags":[542,1219,3742,4119,4411],"class_list":["post-3765","post","type-post","status-publish","format-standard","has-post-thumbnail","hentry","category-elektriniai-automobiliai","tag-audi","tag-netrukus","tag-pigiausia","tag-pristatys","tag-vaizdai"],"aioseo_notices":[],"yoast_head":"<!-- This site is optimized with the Yoast SEO plugin v26.8 - https:\/\/yoast.com\/product\/yoast-seo-wordpress\/ -->\n<title>\u201eAudi\u201c netrukus pristatys pigiausi\u0105 EV (vaizdai) - Eautomobiliai.lt<\/title>\n<meta name=\"robots\" content=\"index, follow, max-snippet:-1, max-image-preview:large, max-video-preview:-1\" \/>\n<link rel=\"canonical\" href=\"https:\/\/eautomobiliai.lt\/index.php\/2026\/03\/17\/audi-netrukus-pristatys-pigiausia-ev-vaizdai\/\" \/>\n<meta property=\"og:locale\" content=\"lt_LT\" \/>\n<meta property=\"og:type\" content=\"article\" \/>\n<meta property=\"og:title\" content=\"\u201eAudi\u201c netrukus pristatys pigiausi\u0105 EV (vaizdai) - Eautomobiliai.lt\" \/>\n<meta property=\"og:description\" content=\"Keturi\u0173 \u017eied\u0173 prek\u0117s \u017eenklas atgaivina keist\u0105 A2 savo naujajam pradinio lygio EV. \u201eAudi\u201c \u017eada, kad \u201eA2 e-tron\u201c pasi\u016blys nauj\u0105 auk\u0161\u010diausios&hellip;\" \/>\n<meta property=\"og:url\" content=\"https:\/\/eautomobiliai.lt\/index.php\/2026\/03\/17\/audi-netrukus-pristatys-pigiausia-ev-vaizdai\/\" \/>\n<meta property=\"og:site_name\" content=\"Eautomobiliai.lt\" \/>\n<meta property=\"article:published_time\" content=\"2026-03-17T14:42:14+00:00\" \/>\n<meta property=\"og:image\" content=\"https:\/\/eautomobiliai.lt\/wp-content\/uploads\/2026\/03\/\u201eAudi-netrukus-pristatys-pigiausia-EV-vaizdai.jpeg\" \/>\n\t<meta property=\"og:image:width\" content=\"1200\" \/>\n\t<meta property=\"og:image:height\" content=\"628\" \/>\n\t<meta property=\"og:image:type\" content=\"image\/jpeg\" \/>\n<meta name=\"author\" content=\"admin\" \/>\n<meta name=\"twitter:card\" content=\"summary_large_image\" \/>\n<meta name=\"twitter:label1\" content=\"Written by\" \/>\n\t<meta name=\"twitter:data1\" content=\"admin\" \/>\n\t<meta name=\"twitter:label2\" content=\"Est. reading time\" \/>\n\t<meta name=\"twitter:data2\" content=\"2 minut\u0117s\" \/>\n<script type=\"application\/ld+json\" class=\"yoast-schema-graph\">{\"@context\":\"https:\/\/schema.org\",\"@graph\":[{\"@type\":\"Article\",\"@id\":\"https:\/\/eautomobiliai.lt\/index.php\/2026\/03\/17\/audi-netrukus-pristatys-pigiausia-ev-vaizdai\/#article\",\"isPartOf\":{\"@id\":\"https:\/\/eautomobiliai.lt\/index.php\/2026\/03\/17\/audi-netrukus-pristatys-pigiausia-ev-vaizdai\/\"},\"author\":{\"name\":\"admin\",\"@id\":\"http:\/\/eautomobiliai.lt\/#\/schema\/person\/ecf2a967f361217d056061f74deb92f2\"},\"headline\":\"\u201eAudi\u201c netrukus pristatys pigiausi\u0105 EV (vaizdai)\",\"datePublished\":\"2026-03-17T14:42:14+00:00\",\"mainEntityOfPage\":{\"@id\":\"https:\/\/eautomobiliai.lt\/index.php\/2026\/03\/17\/audi-netrukus-pristatys-pigiausia-ev-vaizdai\/\"},\"wordCount\":417,\"commentCount\":0,\"image\":{\"@id\":\"https:\/\/eautomobiliai.lt\/index.php\/2026\/03\/17\/audi-netrukus-pristatys-pigiausia-ev-vaizdai\/#primaryimage\"},\"thumbnailUrl\":\"https:\/\/eautomobiliai.lt\/wp-content\/uploads\/2026\/03\/\u201eAudi-netrukus-pristatys-pigiausia-EV-vaizdai.jpeg\",\"keywords\":[\"Audi\",\"netrukus\",\"pigiausi\u0105\",\"pristatys\",\"vaizdai\"],\"articleSection\":[\"ELEKTRINIAI AUTOMOBILIAI\"],\"inLanguage\":\"lt-LT\",\"potentialAction\":[{\"@type\":\"CommentAction\",\"name\":\"Comment\",\"target\":[\"https:\/\/eautomobiliai.lt\/index.php\/2026\/03\/17\/audi-netrukus-pristatys-pigiausia-ev-vaizdai\/#respond\"]}]},{\"@type\":\"WebPage\",\"@id\":\"https:\/\/eautomobiliai.lt\/index.php\/2026\/03\/17\/audi-netrukus-pristatys-pigiausia-ev-vaizdai\/\",\"url\":\"https:\/\/eautomobiliai.lt\/index.php\/2026\/03\/17\/audi-netrukus-pristatys-pigiausia-ev-vaizdai\/\",\"name\":\"\u201eAudi\u201c netrukus pristatys pigiausi\u0105 EV (vaizdai) - Eautomobiliai.lt\",\"isPartOf\":{\"@id\":\"http:\/\/eautomobiliai.lt\/#website\"},\"primaryImageOfPage\":{\"@id\":\"https:\/\/eautomobiliai.lt\/index.php\/2026\/03\/17\/audi-netrukus-pristatys-pigiausia-ev-vaizdai\/#primaryimage\"},\"image\":{\"@id\":\"https:\/\/eautomobiliai.lt\/index.php\/2026\/03\/17\/audi-netrukus-pristatys-pigiausia-ev-vaizdai\/#primaryimage\"},\"thumbnailUrl\":\"https:\/\/eautomobiliai.lt\/wp-content\/uploads\/2026\/03\/\u201eAudi-netrukus-pristatys-pigiausia-EV-vaizdai.jpeg\",\"datePublished\":\"2026-03-17T14:42:14+00:00\",\"author\":{\"@id\":\"http:\/\/eautomobiliai.lt\/#\/schema\/person\/ecf2a967f361217d056061f74deb92f2\"},\"breadcrumb\":{\"@id\":\"https:\/\/eautomobiliai.lt\/index.php\/2026\/03\/17\/audi-netrukus-pristatys-pigiausia-ev-vaizdai\/#breadcrumb\"},\"inLanguage\":\"lt-LT\",\"potentialAction\":[{\"@type\":\"ReadAction\",\"target\":[\"https:\/\/eautomobiliai.lt\/index.php\/2026\/03\/17\/audi-netrukus-pristatys-pigiausia-ev-vaizdai\/\"]}]},{\"@type\":\"ImageObject\",\"inLanguage\":\"lt-LT\",\"@id\":\"https:\/\/eautomobiliai.lt\/index.php\/2026\/03\/17\/audi-netrukus-pristatys-pigiausia-ev-vaizdai\/#primaryimage\",\"url\":\"https:\/\/eautomobiliai.lt\/wp-content\/uploads\/2026\/03\/\u201eAudi-netrukus-pristatys-pigiausia-EV-vaizdai.jpeg\",\"contentUrl\":\"https:\/\/eautomobiliai.lt\/wp-content\/uploads\/2026\/03\/\u201eAudi-netrukus-pristatys-pigiausia-EV-vaizdai.jpeg\",\"width\":1200,\"height\":628},{\"@type\":\"BreadcrumbList\",\"@id\":\"https:\/\/eautomobiliai.lt\/index.php\/2026\/03\/17\/audi-netrukus-pristatys-pigiausia-ev-vaizdai\/#breadcrumb\",\"itemListElement\":[{\"@type\":\"ListItem\",\"position\":1,\"name\":\"Home\",\"item\":\"http:\/\/eautomobiliai.lt\/\"},{\"@type\":\"ListItem\",\"position\":2,\"name\":\"\u201eAudi\u201c netrukus pristatys pigiausi\u0105 EV (vaizdai)\"}]},{\"@type\":\"WebSite\",\"@id\":\"http:\/\/eautomobiliai.lt\/#website\",\"url\":\"http:\/\/eautomobiliai.lt\/\",\"name\":\"Eautomobiliai.lt\",\"description\":\"Elektrinis transportas, technologijos\",\"potentialAction\":[{\"@type\":\"SearchAction\",\"target\":{\"@type\":\"EntryPoint\",\"urlTemplate\":\"http:\/\/eautomobiliai.lt\/?s={search_term_string}\"},\"query-input\":{\"@type\":\"PropertyValueSpecification\",\"valueRequired\":true,\"valueName\":\"search_term_string\"}}],\"inLanguage\":\"lt-LT\"},{\"@type\":\"Person\",\"@id\":\"http:\/\/eautomobiliai.lt\/#\/schema\/person\/ecf2a967f361217d056061f74deb92f2\",\"name\":\"admin\",\"image\":{\"@type\":\"ImageObject\",\"inLanguage\":\"lt-LT\",\"@id\":\"http:\/\/eautomobiliai.lt\/#\/schema\/person\/image\/\",\"url\":\"https:\/\/secure.gravatar.com\/avatar\/6323379efae0c70c686c7905444d6bbd?s=96&d=mm&r=g\",\"contentUrl\":\"https:\/\/secure.gravatar.com\/avatar\/6323379efae0c70c686c7905444d6bbd?s=96&d=mm&r=g\",\"caption\":\"admin\"},\"sameAs\":[\"http:\/\/eautomobiliai.lt\"],\"url\":\"https:\/\/eautomobiliai.lt\/index.php\/author\/admin\/\"}]}<\/script>\n<!-- \/ Yoast SEO plugin. -->","yoast_head_json":{"title":"\u201eAudi\u201c netrukus pristatys pigiausi\u0105 EV (vaizdai) - Eautomobiliai.lt","robots":{"index":"index","follow":"follow","max-snippet":"max-snippet:-1","max-image-preview":"max-image-preview:large","max-video-preview":"max-video-preview:-1"},"canonical":"https:\/\/eautomobiliai.lt\/index.php\/2026\/03\/17\/audi-netrukus-pristatys-pigiausia-ev-vaizdai\/","og_locale":"lt_LT","og_type":"article","og_title":"\u201eAudi\u201c netrukus pristatys pigiausi\u0105 EV (vaizdai) - Eautomobiliai.lt","og_description":"Keturi\u0173 \u017eied\u0173 prek\u0117s \u017eenklas atgaivina keist\u0105 A2 savo naujajam pradinio lygio EV. \u201eAudi\u201c \u017eada, kad \u201eA2 e-tron\u201c pasi\u016blys nauj\u0105 auk\u0161\u010diausios&hellip;","og_url":"https:\/\/eautomobiliai.lt\/index.php\/2026\/03\/17\/audi-netrukus-pristatys-pigiausia-ev-vaizdai\/","og_site_name":"Eautomobiliai.lt","article_published_time":"2026-03-17T14:42:14+00:00","og_image":[{"width":1200,"height":628,"url":"https:\/\/eautomobiliai.lt\/wp-content\/uploads\/2026\/03\/\u201eAudi-netrukus-pristatys-pigiausia-EV-vaizdai.jpeg","type":"image\/jpeg"}],"author":"admin","twitter_card":"summary_large_image","twitter_misc":{"Written by":"admin","Est. reading time":"2 minut\u0117s"},"schema":{"@context":"https:\/\/schema.org","@graph":[{"@type":"Article","@id":"https:\/\/eautomobiliai.lt\/index.php\/2026\/03\/17\/audi-netrukus-pristatys-pigiausia-ev-vaizdai\/#article","isPartOf":{"@id":"https:\/\/eautomobiliai.lt\/index.php\/2026\/03\/17\/audi-netrukus-pristatys-pigiausia-ev-vaizdai\/"},"author":{"name":"admin","@id":"http:\/\/eautomobiliai.lt\/#\/schema\/person\/ecf2a967f361217d056061f74deb92f2"},"headline":"\u201eAudi\u201c netrukus pristatys pigiausi\u0105 EV (vaizdai)","datePublished":"2026-03-17T14:42:14+00:00","mainEntityOfPage":{"@id":"https:\/\/eautomobiliai.lt\/index.php\/2026\/03\/17\/audi-netrukus-pristatys-pigiausia-ev-vaizdai\/"},"wordCount":417,"commentCount":0,"image":{"@id":"https:\/\/eautomobiliai.lt\/index.php\/2026\/03\/17\/audi-netrukus-pristatys-pigiausia-ev-vaizdai\/#primaryimage"},"thumbnailUrl":"https:\/\/eautomobiliai.lt\/wp-content\/uploads\/2026\/03\/\u201eAudi-netrukus-pristatys-pigiausia-EV-vaizdai.jpeg","keywords":["Audi","netrukus","pigiausi\u0105","pristatys","vaizdai"],"articleSection":["ELEKTRINIAI AUTOMOBILIAI"],"inLanguage":"lt-LT","potentialAction":[{"@type":"CommentAction","name":"Comment","target":["https:\/\/eautomobiliai.lt\/index.php\/2026\/03\/17\/audi-netrukus-pristatys-pigiausia-ev-vaizdai\/#respond"]}]},{"@type":"WebPage","@id":"https:\/\/eautomobiliai.lt\/index.php\/2026\/03\/17\/audi-netrukus-pristatys-pigiausia-ev-vaizdai\/","url":"https:\/\/eautomobiliai.lt\/index.php\/2026\/03\/17\/audi-netrukus-pristatys-pigiausia-ev-vaizdai\/","name":"\u201eAudi\u201c netrukus pristatys pigiausi\u0105 EV (vaizdai) - Eautomobiliai.lt","isPartOf":{"@id":"http:\/\/eautomobiliai.lt\/#website"},"primaryImageOfPage":{"@id":"https:\/\/eautomobiliai.lt\/index.php\/2026\/03\/17\/audi-netrukus-pristatys-pigiausia-ev-vaizdai\/#primaryimage"},"image":{"@id":"https:\/\/eautomobiliai.lt\/index.php\/2026\/03\/17\/audi-netrukus-pristatys-pigiausia-ev-vaizdai\/#primaryimage"},"thumbnailUrl":"https:\/\/eautomobiliai.lt\/wp-content\/uploads\/2026\/03\/\u201eAudi-netrukus-pristatys-pigiausia-EV-vaizdai.jpeg","datePublished":"2026-03-17T14:42:14+00:00","author":{"@id":"http:\/\/eautomobiliai.lt\/#\/schema\/person\/ecf2a967f361217d056061f74deb92f2"},"breadcrumb":{"@id":"https:\/\/eautomobiliai.lt\/index.php\/2026\/03\/17\/audi-netrukus-pristatys-pigiausia-ev-vaizdai\/#breadcrumb"},"inLanguage":"lt-LT","potentialAction":[{"@type":"ReadAction","target":["https:\/\/eautomobiliai.lt\/index.php\/2026\/03\/17\/audi-netrukus-pristatys-pigiausia-ev-vaizdai\/"]}]},{"@type":"ImageObject","inLanguage":"lt-LT","@id":"https:\/\/eautomobiliai.lt\/index.php\/2026\/03\/17\/audi-netrukus-pristatys-pigiausia-ev-vaizdai\/#primaryimage","url":"https:\/\/eautomobiliai.lt\/wp-content\/uploads\/2026\/03\/\u201eAudi-netrukus-pristatys-pigiausia-EV-vaizdai.jpeg","contentUrl":"https:\/\/eautomobiliai.lt\/wp-content\/uploads\/2026\/03\/\u201eAudi-netrukus-pristatys-pigiausia-EV-vaizdai.jpeg","width":1200,"height":628},{"@type":"BreadcrumbList","@id":"https:\/\/eautomobiliai.lt\/index.php\/2026\/03\/17\/audi-netrukus-pristatys-pigiausia-ev-vaizdai\/#breadcrumb","itemListElement":[{"@type":"ListItem","position":1,"name":"Home","item":"http:\/\/eautomobiliai.lt\/"},{"@type":"ListItem","position":2,"name":"\u201eAudi\u201c netrukus pristatys pigiausi\u0105 EV (vaizdai)"}]},{"@type":"WebSite","@id":"http:\/\/eautomobiliai.lt\/#website","url":"http:\/\/eautomobiliai.lt\/","name":"Eautomobiliai.lt","description":"Elektrinis transportas, technologijos","potentialAction":[{"@type":"SearchAction","target":{"@type":"EntryPoint","urlTemplate":"http:\/\/eautomobiliai.lt\/?s={search_term_string}"},"query-input":{"@type":"PropertyValueSpecification","valueRequired":true,"valueName":"search_term_string"}}],"inLanguage":"lt-LT"},{"@type":"Person","@id":"http:\/\/eautomobiliai.lt\/#\/schema\/person\/ecf2a967f361217d056061f74deb92f2","name":"admin","image":{"@type":"ImageObject","inLanguage":"lt-LT","@id":"http:\/\/eautomobiliai.lt\/#\/schema\/person\/image\/","url":"https:\/\/secure.gravatar.com\/avatar\/6323379efae0c70c686c7905444d6bbd?s=96&d=mm&r=g","contentUrl":"https:\/\/secure.gravatar.com\/avatar\/6323379efae0c70c686c7905444d6bbd?s=96&d=mm&r=g","caption":"admin"},"sameAs":["http:\/\/eautomobiliai.lt"],"url":"https:\/\/eautomobiliai.lt\/index.php\/author\/admin\/"}]}},"_links":{"self":[{"href":"https:\/\/eautomobiliai.lt\/index.php\/wp-json\/wp\/v2\/posts\/3765","targetHints":{"allow":["GET"]}}],"collection":[{"href":"https:\/\/eautomobiliai.lt\/index.php\/wp-json\/wp\/v2\/posts"}],"about":[{"href":"https:\/\/eautomobiliai.lt\/index.php\/wp-json\/wp\/v2\/types\/post"}],"author":[{"embeddable":true,"href":"https:\/\/eautomobiliai.lt\/index.php\/wp-json\/wp\/v2\/users\/1"}],"replies":[{"embeddable":true,"href":"https:\/\/eautomobiliai.lt\/index.php\/wp-json\/wp\/v2\/comments?post=3765"}],"version-history":[{"count":0,"href":"https:\/\/eautomobiliai.lt\/index.php\/wp-json\/wp\/v2\/posts\/3765\/revisions"}],"wp:featuredmedia":[{"embeddable":true,"href":"https:\/\/eautomobiliai.lt\/index.php\/wp-json\/wp\/v2\/media\/3766"}],"wp:attachment":[{"href":"https:\/\/eautomobiliai.lt\/index.php\/wp-json\/wp\/v2\/media?parent=3765"}],"wp:term":[{"taxonomy":"category","embeddable":true,"href":"https:\/\/eautomobiliai.lt\/index.php\/wp-json\/wp\/v2\/categories?post=3765"},{"taxonomy":"post_tag","embeddable":true,"href":"https:\/\/eautomobiliai.lt\/index.php\/wp-json\/wp\/v2\/tags?post=3765"}],"curies":[{"name":"wp","href":"https:\/\/api.w.org\/{rel}","templated":true}]}}