{"id":3904,"date":"2026-04-01T19:49:26","date_gmt":"2026-04-01T19:49:26","guid":{"rendered":"http:\/\/eautomobiliai.lt\/index.php\/2026\/04\/01\/kovo-menesi-elektromobiliu-registraciju-skaicius-isaugo-50-proc-kai-australai-pradeda-elektra-naudoti-kuro-krizes-metu\/"},"modified":"2026-04-01T19:49:26","modified_gmt":"2026-04-01T19:49:26","slug":"kovo-menesi-elektromobiliu-registraciju-skaicius-isaugo-50-proc-kai-australai-pradeda-elektra-naudoti-kuro-krizes-metu","status":"publish","type":"post","link":"https:\/\/eautomobiliai.lt\/index.php\/2026\/04\/01\/kovo-menesi-elektromobiliu-registraciju-skaicius-isaugo-50-proc-kai-australai-pradeda-elektra-naudoti-kuro-krizes-metu\/","title":{"rendered":"Kovo m\u0117nes\u012f elektromobili\u0173 registracij\u0173 skai\u010dius i\u0161augo 50 proc., kai australai pradeda elektr\u0105 naudoti kuro kriz\u0117s metu"},"content":{"rendered":"<p> <br \/>\n<\/p>\n<div id=\"\">\n<p><span style=\"font-weight: 400;\">D\u0117l pastaruoju metu pakilusi\u0173 degal\u0173 kain\u0173 ir baimi\u0173 d\u0117l besit\u0119sian\u010dios degal\u0173 kriz\u0117s elektromobili\u0173 pardavimas Australijoje labai i\u0161augo beveik 50 proc., o kai kuriose rinkose pasiek\u0117 auk\u0161\u010diausi\u0105 lyg\u012f. <\/span><\/p>\n<p><span style=\"font-weight: 400;\">Nauji duomenys, surinkti specializuotos EV duomen\u0173 \u012fmon\u0117s <\/span><span style=\"font-weight: 400;\">carloop<\/span><span style=\"font-weight: 400;\">  rodo, kad vien NSW 2026 m. kovo m\u0117nes\u012f buvo u\u017eregistruota beveik 4000 nauj\u0173 elektromobili\u0173, ty beveik 50% daugiau nei pra\u0117jus\u012f m\u0117nes\u012f.<\/span><\/p>\n<p><span style=\"font-weight: 400;\">Tai pad\u0117jo visam akumuliatoriniu elektriniu keleivi\u0173 parkui padidinti iki 112 228 transporto priemoni\u0173 valstijos keliuose.<\/span><\/p>\n<figure id=\"attachment_195144\" aria-describedby=\"caption-attachment-195144\" style=\"width: 1200px\" class=\"wp-caption aligncenter\"><img loading=\"lazy\" decoding=\"async\" class=\"size-full wp-image-195144\" src=\"https:\/\/thedriven.io\/wp-content\/uploads\/2026\/04\/nsw-ev-uptake-ev-growth-chart-australia-march-2026re-size-carloop.jpg\" alt=\"\" width=\"1200\" height=\"1389\" srcset=\"https:\/\/thedriven.io\/wp-content\/uploads\/2026\/04\/nsw-ev-uptake-ev-growth-chart-australia-march-2026re-size-carloop.jpg 1200w, https:\/\/thedriven.io\/wp-content\/uploads\/2026\/04\/nsw-ev-uptake-ev-growth-chart-australia-march-2026re-size-carloop-346x400.jpg 346w, https:\/\/thedriven.io\/wp-content\/uploads\/2026\/04\/nsw-ev-uptake-ev-growth-chart-australia-march-2026re-size-carloop-1160x1343.jpg 1160w, https:\/\/thedriven.io\/wp-content\/uploads\/2026\/04\/nsw-ev-uptake-ev-growth-chart-australia-march-2026re-size-carloop-800x926.jpg 800w, https:\/\/thedriven.io\/wp-content\/uploads\/2026\/04\/nsw-ev-uptake-ev-growth-chart-australia-march-2026re-size-carloop-120x139.jpg 120w, https:\/\/thedriven.io\/wp-content\/uploads\/2026\/04\/nsw-ev-uptake-ev-growth-chart-australia-march-2026re-size-carloop-90x104.jpg 90w, https:\/\/thedriven.io\/wp-content\/uploads\/2026\/04\/nsw-ev-uptake-ev-growth-chart-australia-march-2026re-size-carloop-320x370.jpg 320w, https:\/\/thedriven.io\/wp-content\/uploads\/2026\/04\/nsw-ev-uptake-ev-growth-chart-australia-march-2026re-size-carloop-560x648.jpg 560w, https:\/\/thedriven.io\/wp-content\/uploads\/2026\/04\/nsw-ev-uptake-ev-growth-chart-australia-march-2026re-size-carloop-150x174.jpg 150w, https:\/\/thedriven.io\/wp-content\/uploads\/2026\/04\/nsw-ev-uptake-ev-growth-chart-australia-march-2026re-size-carloop-240x278.jpg 240w, https:\/\/thedriven.io\/wp-content\/uploads\/2026\/04\/nsw-ev-uptake-ev-growth-chart-australia-march-2026re-size-carloop-180x208.jpg 180w, https:\/\/thedriven.io\/wp-content\/uploads\/2026\/04\/nsw-ev-uptake-ev-growth-chart-australia-march-2026re-size-carloop-640x741.jpg 640w, https:\/\/thedriven.io\/wp-content\/uploads\/2026\/04\/nsw-ev-uptake-ev-growth-chart-australia-march-2026re-size-carloop-1120x1296.jpg 1120w, https:\/\/thedriven.io\/wp-content\/uploads\/2026\/04\/nsw-ev-uptake-ev-growth-chart-australia-march-2026re-size-carloop-300x347.jpg 300w\" sizes=\"auto, (max-width: 1200px) 100vw, 1200px\"\/><figcaption id=\"caption-attachment-195144\" class=\"wp-caption-text\">Vaizdas: carloop<\/figcaption><\/figure>\n<p><span style=\"font-weight: 400;\">Pana\u0161iai i\u0161 Piet\u0173 Australijos surinkt\u0173 duomen\u0173 matyti, kad 2026 m. kovo m\u0117n., palyginti su 2026 m. vasario m\u0117n., EV registruojama 44 proc.<\/span><\/p>\n<p><span style=\"font-weight: 400;\">\u017dvelgiant \u012f ateit\u012f, elektromobili\u0173 u\u017esakym\u0173 skai\u010dius taip pat \u0161oktel\u0117jo, o \u0161i\u0105 savait\u0119 prane\u0161\u0117 \u201eOmoda Jaecoo\u201c, kuri pasidalijo, kad jos u\u017esakym\u0173 skai\u010dius u\u017e 36 990 USD va\u017eiuojamosios dalies kain\u0105 vos per 2 savaites padvigub\u0117jo \u2013 nuo \u200b\u200b2 000 iki 4 000.<\/span><\/p>\n<p>Tai yra vienas i\u0161 daugyb\u0117s did\u0117jan\u010dio susidom\u0117jimo elektromobiliais rodikli\u0173: Tesla elektromobili\u0173 laukimo laikas pailg\u0117ja iki poros m\u0117nesi\u0173, Origin Energy baigia prenumeruojam\u0173 elektromobili\u0173 pasi\u016bl\u0105, o susidom\u0117jimas elektromobiliais aukcionuose, naudot\u0173 elektrini\u0173 automobili\u0173 internete ir salonuose i\u0161augo.<\/p>\n<figure id=\"attachment_192918\" aria-describedby=\"caption-attachment-192918\" style=\"width: 2560px\" class=\"wp-caption aligncenter\"><img decoding=\"async\" class=\"size-full wp-image-192918 native-lazyload-js-fallback\" alt=\"\" width=\"2560\" height=\"1920\" loading=\"lazy\" src=\"https:\/\/b2232832.smushcdn.com\/2232832\/wp-content\/uploads\/2025\/12\/Jaecoo-J5-EV-Side-December-2025-Riz-Akhtar.jpg?lossy=1&amp;strip=0&amp;webp=1\" srcset=\"https:\/\/b2232832.smushcdn.com\/2232832\/wp-content\/uploads\/2025\/12\/Jaecoo-J5-EV-Side-December-2025-Riz-Akhtar.jpg?lossy=1&amp;strip=0&amp;webp=1 2560w, https:\/\/b2232832.smushcdn.com\/2232832\/wp-content\/uploads\/2025\/12\/Jaecoo-J5-EV-Side-December-2025-Riz-Akhtar-388x291.jpg?lossy=1&amp;strip=0&amp;webp=1 388w, https:\/\/b2232832.smushcdn.com\/2232832\/wp-content\/uploads\/2025\/12\/Jaecoo-J5-EV-Side-December-2025-Riz-Akhtar-1160x870.jpg?lossy=1&amp;strip=0&amp;webp=1 1160w, https:\/\/b2232832.smushcdn.com\/2232832\/wp-content\/uploads\/2025\/12\/Jaecoo-J5-EV-Side-December-2025-Riz-Akhtar-380x285.jpg?lossy=1&amp;strip=0&amp;webp=1 380w, https:\/\/b2232832.smushcdn.com\/2232832\/wp-content\/uploads\/2025\/12\/Jaecoo-J5-EV-Side-December-2025-Riz-Akhtar-800x600.jpg?lossy=1&amp;strip=0&amp;webp=1 800w, https:\/\/b2232832.smushcdn.com\/2232832\/wp-content\/uploads\/2025\/12\/Jaecoo-J5-EV-Side-December-2025-Riz-Akhtar-1536x1152.jpg?lossy=1&amp;strip=0&amp;webp=1 1536w, https:\/\/b2232832.smushcdn.com\/2232832\/wp-content\/uploads\/2025\/12\/Jaecoo-J5-EV-Side-December-2025-Riz-Akhtar-2048x1536.jpg?lossy=1&amp;strip=0&amp;webp=1 2048w, https:\/\/b2232832.smushcdn.com\/2232832\/wp-content\/uploads\/2025\/12\/Jaecoo-J5-EV-Side-December-2025-Riz-Akhtar-300x225.jpg?lossy=1&amp;strip=0&amp;webp=1 300w, https:\/\/b2232832.smushcdn.com\/2232832\/wp-content\/uploads\/2025\/12\/Jaecoo-J5-EV-Side-December-2025-Riz-Akhtar-120x90.jpg?lossy=1&amp;strip=0&amp;webp=1 120w, https:\/\/b2232832.smushcdn.com\/2232832\/wp-content\/uploads\/2025\/12\/Jaecoo-J5-EV-Side-December-2025-Riz-Akhtar-90x68.jpg?lossy=1&amp;strip=0&amp;webp=1 90w, https:\/\/b2232832.smushcdn.com\/2232832\/wp-content\/uploads\/2025\/12\/Jaecoo-J5-EV-Side-December-2025-Riz-Akhtar-320x240.jpg?lossy=1&amp;strip=0&amp;webp=1 320w, https:\/\/b2232832.smushcdn.com\/2232832\/wp-content\/uploads\/2025\/12\/Jaecoo-J5-EV-Side-December-2025-Riz-Akhtar-560x420.jpg?lossy=1&amp;strip=0&amp;webp=1 560w, https:\/\/b2232832.smushcdn.com\/2232832\/wp-content\/uploads\/2025\/12\/Jaecoo-J5-EV-Side-December-2025-Riz-Akhtar-1920x1440.jpg?lossy=1&amp;strip=0&amp;webp=1 1920w, https:\/\/b2232832.smushcdn.com\/2232832\/wp-content\/uploads\/2025\/12\/Jaecoo-J5-EV-Side-December-2025-Riz-Akhtar-150x113.jpg?lossy=1&amp;strip=0&amp;webp=1 150w, https:\/\/b2232832.smushcdn.com\/2232832\/wp-content\/uploads\/2025\/12\/Jaecoo-J5-EV-Side-December-2025-Riz-Akhtar-760x570.jpg?lossy=1&amp;strip=0&amp;webp=1 760w, https:\/\/b2232832.smushcdn.com\/2232832\/wp-content\/uploads\/2025\/12\/Jaecoo-J5-EV-Side-December-2025-Riz-Akhtar-600x450.jpg?lossy=1&amp;strip=0&amp;webp=1 600w, https:\/\/b2232832.smushcdn.com\/2232832\/wp-content\/uploads\/2025\/12\/Jaecoo-J5-EV-Side-December-2025-Riz-Akhtar-240x180.jpg?lossy=1&amp;strip=0&amp;webp=1 240w, https:\/\/b2232832.smushcdn.com\/2232832\/wp-content\/uploads\/2025\/12\/Jaecoo-J5-EV-Side-December-2025-Riz-Akhtar-180x136.jpg?lossy=1&amp;strip=0&amp;webp=1 180w, https:\/\/b2232832.smushcdn.com\/2232832\/wp-content\/uploads\/2025\/12\/Jaecoo-J5-EV-Side-December-2025-Riz-Akhtar-640x480.jpg?lossy=1&amp;strip=0&amp;webp=1 640w, https:\/\/b2232832.smushcdn.com\/2232832\/wp-content\/uploads\/2025\/12\/Jaecoo-J5-EV-Side-December-2025-Riz-Akhtar-1120x840.jpg?lossy=1&amp;strip=0&amp;webp=1 1120w, https:\/\/b2232832.smushcdn.com\/2232832\/wp-content\/uploads\/2025\/12\/Jaecoo-J5-EV-Side-December-2025-Riz-Akhtar-1600x1200.jpg?lossy=1&amp;strip=0&amp;webp=1 1600w, https:\/\/b2232832.smushcdn.com\/2232832\/wp-content\/uploads\/2025\/12\/Jaecoo-J5-EV-Side-December-2025-Riz-Akhtar-2320x1740.jpg?lossy=1&amp;strip=0&amp;webp=1 2320w\" data-sizes=\"(max-width: 2560px) 100vw, 2560px\"\/><img loading=\"lazy\" decoding=\"async\" class=\"size-full wp-image-192918\" src=\"https:\/\/thedriven.io\/wp-content\/uploads\/2025\/12\/Jaecoo-J5-EV-Side-December-2025-Riz-Akhtar.jpg\" alt=\"\" width=\"2560\" height=\"1920\" srcset=\"https:\/\/thedriven.io\/wp-content\/uploads\/2025\/12\/Jaecoo-J5-EV-Side-December-2025-Riz-Akhtar.jpg 2560w, https:\/\/thedriven.io\/wp-content\/uploads\/2025\/12\/Jaecoo-J5-EV-Side-December-2025-Riz-Akhtar-388x291.jpg 388w, https:\/\/thedriven.io\/wp-content\/uploads\/2025\/12\/Jaecoo-J5-EV-Side-December-2025-Riz-Akhtar-1160x870.jpg 1160w, https:\/\/thedriven.io\/wp-content\/uploads\/2025\/12\/Jaecoo-J5-EV-Side-December-2025-Riz-Akhtar-380x285.jpg 380w, https:\/\/thedriven.io\/wp-content\/uploads\/2025\/12\/Jaecoo-J5-EV-Side-December-2025-Riz-Akhtar-800x600.jpg 800w, https:\/\/thedriven.io\/wp-content\/uploads\/2025\/12\/Jaecoo-J5-EV-Side-December-2025-Riz-Akhtar-1536x1152.jpg 1536w, https:\/\/thedriven.io\/wp-content\/uploads\/2025\/12\/Jaecoo-J5-EV-Side-December-2025-Riz-Akhtar-2048x1536.jpg 2048w, https:\/\/thedriven.io\/wp-content\/uploads\/2025\/12\/Jaecoo-J5-EV-Side-December-2025-Riz-Akhtar-300x225.jpg 300w, https:\/\/thedriven.io\/wp-content\/uploads\/2025\/12\/Jaecoo-J5-EV-Side-December-2025-Riz-Akhtar-120x90.jpg 120w, https:\/\/thedriven.io\/wp-content\/uploads\/2025\/12\/Jaecoo-J5-EV-Side-December-2025-Riz-Akhtar-90x68.jpg 90w, https:\/\/thedriven.io\/wp-content\/uploads\/2025\/12\/Jaecoo-J5-EV-Side-December-2025-Riz-Akhtar-320x240.jpg 320w, https:\/\/thedriven.io\/wp-content\/uploads\/2025\/12\/Jaecoo-J5-EV-Side-December-2025-Riz-Akhtar-560x420.jpg 560w, https:\/\/thedriven.io\/wp-content\/uploads\/2025\/12\/Jaecoo-J5-EV-Side-December-2025-Riz-Akhtar-1920x1440.jpg 1920w, https:\/\/thedriven.io\/wp-content\/uploads\/2025\/12\/Jaecoo-J5-EV-Side-December-2025-Riz-Akhtar-150x113.jpg 150w, https:\/\/thedriven.io\/wp-content\/uploads\/2025\/12\/Jaecoo-J5-EV-Side-December-2025-Riz-Akhtar-760x570.jpg 760w, https:\/\/thedriven.io\/wp-content\/uploads\/2025\/12\/Jaecoo-J5-EV-Side-December-2025-Riz-Akhtar-600x450.jpg 600w, https:\/\/thedriven.io\/wp-content\/uploads\/2025\/12\/Jaecoo-J5-EV-Side-December-2025-Riz-Akhtar-240x180.jpg 240w, https:\/\/thedriven.io\/wp-content\/uploads\/2025\/12\/Jaecoo-J5-EV-Side-December-2025-Riz-Akhtar-180x136.jpg 180w, https:\/\/thedriven.io\/wp-content\/uploads\/2025\/12\/Jaecoo-J5-EV-Side-December-2025-Riz-Akhtar-640x480.jpg 640w, https:\/\/thedriven.io\/wp-content\/uploads\/2025\/12\/Jaecoo-J5-EV-Side-December-2025-Riz-Akhtar-1120x840.jpg 1120w, https:\/\/thedriven.io\/wp-content\/uploads\/2025\/12\/Jaecoo-J5-EV-Side-December-2025-Riz-Akhtar-1600x1200.jpg 1600w, https:\/\/thedriven.io\/wp-content\/uploads\/2025\/12\/Jaecoo-J5-EV-Side-December-2025-Riz-Akhtar-2320x1740.jpg 2320w\" sizes=\"auto, (max-width: 2560px) 100vw, 2560px\"\/><figcaption id=\"caption-attachment-192918\" class=\"wp-caption-text\">Nuotrauka: Riz Akhtar<\/figcaption><\/figure>\n<p><span style=\"font-weight: 400;\">\u201eTesla\u201c susidom\u0117jimas atsirado pra\u0117jus vos kelioms savait\u0117ms po to, kai bendrov\u0117 pristat\u0117 did\u017eiausi\u0105 pastaraisiais metais EV model\u012f \u2013 6 viet\u0173 model\u012f YL, tod\u0117l pirk\u0117jai, ie\u0161kantys daugiau nei 5 viet\u0173 elektromobilyje, susidom\u0117jo. \u201eToyota\u201c ir \u201eMG\u201c prane\u0161\u0117 apie nei\u0161vengiam\u0105 elektros prietais\u0173 i\u0161leidim\u0105, o rink\u0105 taip pat pasiek\u0117 keletas pigesni\u0173 elektromobili\u0173.<\/span><\/p>\n<p>\u012eperkam\u0173 modeli\u0173 prieinamumas yra labai svarbus, o pastarosiomis savait\u0117mis Australijoje pasirod\u0117 daugyb\u0117 nauj\u0173 modeli\u0173, ypa\u010d elektra varom\u0173 he\u010dbek\u0173, kuri\u0173 nuva\u017eiuoti iki 32 000 USD.<\/p>\n<p><span style=\"font-weight: 400;\">Tai apima tokius modelius kaip GAC Aion UT ir MG4 EV Urban, kuri\u0173 kaina ma\u017eesn\u0117 nei 32 000 USD, o iki 2026 m. antrojo ketvir\u010dio m\u016bs\u0173 rinkoje pasirodys dar keli modeliai.<\/span><\/p>\n<p><span style=\"font-weight: 400;\">Tikim\u0117s artimiausiomis dienomis pasinerti \u012f oficialius pardavimo skai\u010dius, kai juos paskelbs Elektromobili\u0173 taryba ir FCAI. Ta\u010diau jei \u0161i ankstyva 2026 m. kovo m\u0117n. elektromobili\u0173 registracij\u0173 ir b\u016bsimos paklausos analiz\u0117 rodo k\u0105 nors, \u0161ie metai bus geriausi Australijos elektromobili\u0173 pri\u0117mimo metai.<\/span><\/p>\n<div class=\"saboxplugin-wrap\" itemtype=\"http:\/\/schema.org\/Person\" itemscope=\"\" itemprop=\"author\">\n<div class=\"saboxplugin-tab\">\n<div class=\"saboxplugin-gravatar\"><img decoding=\"async\" width=\"100\" height=\"100\" alt=\"Rizas Akhtaras\" itemprop=\"image\" loading=\"lazy\" class=\"native-lazyload-js-fallback\" src=\"https:\/\/b2232832.smushcdn.com\/2232832\/wp-content\/uploads\/2022\/02\/Riz.jpg?lossy=1&amp;strip=0&amp;webp=1\"\/><img loading=\"lazy\" decoding=\"async\" src=\"https:\/\/thedriven.io\/wp-content\/uploads\/2022\/02\/Riz.jpg\" width=\"100\" height=\"100\" alt=\"Rizas Akhtaras\" itemprop=\"image\"\/><\/div>\n<div class=\"saboxplugin-desc\">\n<div itemprop=\"description\">\n<p>Rizas yra Melburne \u012fsik\u016brusios \u012fmon\u0117s \u201ecarloop\u201c \u012fk\u016br\u0117jas, kurio specializacija yra Australijos EV duomenys, \u012f\u017evalgos ataskaitos ir tendencijos. Jis yra mechanikos in\u017einierius, kuris pirmuosius 7 savo karjeros metus praleido kurdamas transporto infrastrukt\u016br\u0105 prie\u0161 prad\u0117damas \u201ecarloop\u201c. Jis domisi automobiliams, ypa\u010d elektromobiliams, ir nori pad\u0117ti suma\u017einti transporto i\u0161metam\u0173 ter\u0161al\u0173 kiek\u012f Australijoje. \u0160iuo metu jis vairuoja raudon\u0105 \u201eTesla Model 3\u201c.<\/p>\n<\/div>\n<\/div>\n<\/div>\n<\/div>\n<p><!-- AI CONTENT END 1 --><\/p><\/div>\n<p><br \/>\n<br \/><a href=\"https:\/\/thedriven.io\/2026\/04\/01\/ev-registrations-surge-50-pct-in-march-as-australians-go-electric-amid-fuel-crisis\/\">Source link <\/a><\/p>\n","protected":false},"excerpt":{"rendered":"<p>D\u0117l pastaruoju metu pakilusi\u0173 degal\u0173 kain\u0173 ir baimi\u0173 d\u0117l besit\u0119sian\u010dios degal\u0173 kriz\u0117s elektromobili\u0173 pardavimas Australijoje labai i\u0161augo beveik 50 proc.,&hellip;<\/p>\n","protected":false},"author":1,"featured_media":3905,"comment_status":"open","ping_status":"open","sticky":false,"template":"","format":"standard","meta":{"om_disable_all_campaigns":false,"_monsterinsights_skip_tracking":false,"_monsterinsights_sitenote_active":false,"_monsterinsights_sitenote_note":"","_monsterinsights_sitenote_category":0,"footnotes":""},"categories":[39],"tags":[5843,913,191,4621,221,34,4702,990,35,216,491,783,3197,5842,4237],"class_list":["post-3904","post","type-post","status-publish","format-standard","has-post-thumbnail","hentry","category-eautomobiliu-technine-puse","tag-australai","tag-elektra","tag-elektromobiliu","tag-isaugo","tag-kai","tag-kovo","tag-krizes","tag-kuro","tag-menesi","tag-metu","tag-naudoti","tag-pradeda","tag-proc","tag-registraciju","tag-skaicius"],"aioseo_notices":[],"yoast_head":"<!-- This site is optimized with the Yoast SEO plugin v26.8 - https:\/\/yoast.com\/product\/yoast-seo-wordpress\/ -->\n<title>Kovo m\u0117nes\u012f elektromobili\u0173 registracij\u0173 skai\u010dius i\u0161augo 50 proc., kai australai pradeda elektr\u0105 naudoti kuro kriz\u0117s metu - Eautomobiliai.lt<\/title>\n<meta name=\"robots\" content=\"index, follow, max-snippet:-1, max-image-preview:large, max-video-preview:-1\" \/>\n<link rel=\"canonical\" href=\"https:\/\/eautomobiliai.lt\/index.php\/2026\/04\/01\/kovo-menesi-elektromobiliu-registraciju-skaicius-isaugo-50-proc-kai-australai-pradeda-elektra-naudoti-kuro-krizes-metu\/\" \/>\n<meta property=\"og:locale\" content=\"lt_LT\" \/>\n<meta property=\"og:type\" content=\"article\" \/>\n<meta property=\"og:title\" content=\"Kovo m\u0117nes\u012f elektromobili\u0173 registracij\u0173 skai\u010dius i\u0161augo 50 proc., kai australai pradeda elektr\u0105 naudoti kuro kriz\u0117s metu - Eautomobiliai.lt\" \/>\n<meta property=\"og:description\" content=\"D\u0117l pastaruoju metu pakilusi\u0173 degal\u0173 kain\u0173 ir baimi\u0173 d\u0117l besit\u0119sian\u010dios degal\u0173 kriz\u0117s elektromobili\u0173 pardavimas Australijoje labai i\u0161augo beveik 50 proc.,&hellip;\" \/>\n<meta property=\"og:url\" content=\"https:\/\/eautomobiliai.lt\/index.php\/2026\/04\/01\/kovo-menesi-elektromobiliu-registraciju-skaicius-isaugo-50-proc-kai-australai-pradeda-elektra-naudoti-kuro-krizes-metu\/\" \/>\n<meta property=\"og:site_name\" content=\"Eautomobiliai.lt\" \/>\n<meta property=\"article:published_time\" content=\"2026-04-01T19:49:26+00:00\" \/>\n<meta property=\"og:image\" content=\"https:\/\/eautomobiliai.lt\/wp-content\/uploads\/2026\/04\/Kovo-menesi-elektromobiliu-registraciju-skaicius-isaugo-50-proc-kai-australai.jpg\" \/>\n\t<meta property=\"og:image:width\" content=\"1200\" \/>\n\t<meta property=\"og:image:height\" content=\"900\" \/>\n\t<meta property=\"og:image:type\" content=\"image\/jpeg\" \/>\n<meta name=\"author\" content=\"admin\" \/>\n<meta name=\"twitter:card\" content=\"summary_large_image\" \/>\n<meta name=\"twitter:label1\" content=\"Written by\" \/>\n\t<meta name=\"twitter:data1\" content=\"admin\" \/>\n\t<meta name=\"twitter:label2\" content=\"Est. reading time\" \/>\n\t<meta name=\"twitter:data2\" content=\"2 minut\u0117s\" \/>\n<script type=\"application\/ld+json\" class=\"yoast-schema-graph\">{\"@context\":\"https:\/\/schema.org\",\"@graph\":[{\"@type\":\"Article\",\"@id\":\"https:\/\/eautomobiliai.lt\/index.php\/2026\/04\/01\/kovo-menesi-elektromobiliu-registraciju-skaicius-isaugo-50-proc-kai-australai-pradeda-elektra-naudoti-kuro-krizes-metu\/#article\",\"isPartOf\":{\"@id\":\"https:\/\/eautomobiliai.lt\/index.php\/2026\/04\/01\/kovo-menesi-elektromobiliu-registraciju-skaicius-isaugo-50-proc-kai-australai-pradeda-elektra-naudoti-kuro-krizes-metu\/\"},\"author\":{\"name\":\"admin\",\"@id\":\"http:\/\/eautomobiliai.lt\/#\/schema\/person\/ecf2a967f361217d056061f74deb92f2\"},\"headline\":\"Kovo m\u0117nes\u012f elektromobili\u0173 registracij\u0173 skai\u010dius i\u0161augo 50 proc., kai australai pradeda elektr\u0105 naudoti kuro kriz\u0117s metu\",\"datePublished\":\"2026-04-01T19:49:26+00:00\",\"mainEntityOfPage\":{\"@id\":\"https:\/\/eautomobiliai.lt\/index.php\/2026\/04\/01\/kovo-menesi-elektromobiliu-registraciju-skaicius-isaugo-50-proc-kai-australai-pradeda-elektra-naudoti-kuro-krizes-metu\/\"},\"wordCount\":429,\"commentCount\":0,\"image\":{\"@id\":\"https:\/\/eautomobiliai.lt\/index.php\/2026\/04\/01\/kovo-menesi-elektromobiliu-registraciju-skaicius-isaugo-50-proc-kai-australai-pradeda-elektra-naudoti-kuro-krizes-metu\/#primaryimage\"},\"thumbnailUrl\":\"https:\/\/eautomobiliai.lt\/wp-content\/uploads\/2026\/04\/Kovo-menesi-elektromobiliu-registraciju-skaicius-isaugo-50-proc-kai-australai.jpg\",\"keywords\":[\"australai\",\"elektra\",\"elektromobili\u0173\",\"i\u0161augo\",\"kai\",\"kovo\",\"kriz\u0117s\",\"kuro\",\"m\u0117nes\u012f\",\"met\u0173\",\"naudoti\",\"pradeda\",\"proc\",\"registracij\u0173\",\"skai\u010dius\"],\"articleSection\":[\"eAUTOMOBILI\u0172 TECHNIN\u0116 PUS\u0116\"],\"inLanguage\":\"lt-LT\",\"potentialAction\":[{\"@type\":\"CommentAction\",\"name\":\"Comment\",\"target\":[\"https:\/\/eautomobiliai.lt\/index.php\/2026\/04\/01\/kovo-menesi-elektromobiliu-registraciju-skaicius-isaugo-50-proc-kai-australai-pradeda-elektra-naudoti-kuro-krizes-metu\/#respond\"]}]},{\"@type\":\"WebPage\",\"@id\":\"https:\/\/eautomobiliai.lt\/index.php\/2026\/04\/01\/kovo-menesi-elektromobiliu-registraciju-skaicius-isaugo-50-proc-kai-australai-pradeda-elektra-naudoti-kuro-krizes-metu\/\",\"url\":\"https:\/\/eautomobiliai.lt\/index.php\/2026\/04\/01\/kovo-menesi-elektromobiliu-registraciju-skaicius-isaugo-50-proc-kai-australai-pradeda-elektra-naudoti-kuro-krizes-metu\/\",\"name\":\"Kovo m\u0117nes\u012f elektromobili\u0173 registracij\u0173 skai\u010dius i\u0161augo 50 proc., kai australai pradeda elektr\u0105 naudoti kuro kriz\u0117s metu - Eautomobiliai.lt\",\"isPartOf\":{\"@id\":\"http:\/\/eautomobiliai.lt\/#website\"},\"primaryImageOfPage\":{\"@id\":\"https:\/\/eautomobiliai.lt\/index.php\/2026\/04\/01\/kovo-menesi-elektromobiliu-registraciju-skaicius-isaugo-50-proc-kai-australai-pradeda-elektra-naudoti-kuro-krizes-metu\/#primaryimage\"},\"image\":{\"@id\":\"https:\/\/eautomobiliai.lt\/index.php\/2026\/04\/01\/kovo-menesi-elektromobiliu-registraciju-skaicius-isaugo-50-proc-kai-australai-pradeda-elektra-naudoti-kuro-krizes-metu\/#primaryimage\"},\"thumbnailUrl\":\"https:\/\/eautomobiliai.lt\/wp-content\/uploads\/2026\/04\/Kovo-menesi-elektromobiliu-registraciju-skaicius-isaugo-50-proc-kai-australai.jpg\",\"datePublished\":\"2026-04-01T19:49:26+00:00\",\"author\":{\"@id\":\"http:\/\/eautomobiliai.lt\/#\/schema\/person\/ecf2a967f361217d056061f74deb92f2\"},\"breadcrumb\":{\"@id\":\"https:\/\/eautomobiliai.lt\/index.php\/2026\/04\/01\/kovo-menesi-elektromobiliu-registraciju-skaicius-isaugo-50-proc-kai-australai-pradeda-elektra-naudoti-kuro-krizes-metu\/#breadcrumb\"},\"inLanguage\":\"lt-LT\",\"potentialAction\":[{\"@type\":\"ReadAction\",\"target\":[\"https:\/\/eautomobiliai.lt\/index.php\/2026\/04\/01\/kovo-menesi-elektromobiliu-registraciju-skaicius-isaugo-50-proc-kai-australai-pradeda-elektra-naudoti-kuro-krizes-metu\/\"]}]},{\"@type\":\"ImageObject\",\"inLanguage\":\"lt-LT\",\"@id\":\"https:\/\/eautomobiliai.lt\/index.php\/2026\/04\/01\/kovo-menesi-elektromobiliu-registraciju-skaicius-isaugo-50-proc-kai-australai-pradeda-elektra-naudoti-kuro-krizes-metu\/#primaryimage\",\"url\":\"https:\/\/eautomobiliai.lt\/wp-content\/uploads\/2026\/04\/Kovo-menesi-elektromobiliu-registraciju-skaicius-isaugo-50-proc-kai-australai.jpg\",\"contentUrl\":\"https:\/\/eautomobiliai.lt\/wp-content\/uploads\/2026\/04\/Kovo-menesi-elektromobiliu-registraciju-skaicius-isaugo-50-proc-kai-australai.jpg\",\"width\":1200,\"height\":900},{\"@type\":\"BreadcrumbList\",\"@id\":\"https:\/\/eautomobiliai.lt\/index.php\/2026\/04\/01\/kovo-menesi-elektromobiliu-registraciju-skaicius-isaugo-50-proc-kai-australai-pradeda-elektra-naudoti-kuro-krizes-metu\/#breadcrumb\",\"itemListElement\":[{\"@type\":\"ListItem\",\"position\":1,\"name\":\"Home\",\"item\":\"http:\/\/eautomobiliai.lt\/\"},{\"@type\":\"ListItem\",\"position\":2,\"name\":\"Kovo m\u0117nes\u012f elektromobili\u0173 registracij\u0173 skai\u010dius i\u0161augo 50 proc., kai australai pradeda elektr\u0105 naudoti kuro kriz\u0117s metu\"}]},{\"@type\":\"WebSite\",\"@id\":\"http:\/\/eautomobiliai.lt\/#website\",\"url\":\"http:\/\/eautomobiliai.lt\/\",\"name\":\"Eautomobiliai.lt\",\"description\":\"Elektrinis transportas, technologijos\",\"potentialAction\":[{\"@type\":\"SearchAction\",\"target\":{\"@type\":\"EntryPoint\",\"urlTemplate\":\"http:\/\/eautomobiliai.lt\/?s={search_term_string}\"},\"query-input\":{\"@type\":\"PropertyValueSpecification\",\"valueRequired\":true,\"valueName\":\"search_term_string\"}}],\"inLanguage\":\"lt-LT\"},{\"@type\":\"Person\",\"@id\":\"http:\/\/eautomobiliai.lt\/#\/schema\/person\/ecf2a967f361217d056061f74deb92f2\",\"name\":\"admin\",\"image\":{\"@type\":\"ImageObject\",\"inLanguage\":\"lt-LT\",\"@id\":\"http:\/\/eautomobiliai.lt\/#\/schema\/person\/image\/\",\"url\":\"https:\/\/secure.gravatar.com\/avatar\/6323379efae0c70c686c7905444d6bbd?s=96&d=mm&r=g\",\"contentUrl\":\"https:\/\/secure.gravatar.com\/avatar\/6323379efae0c70c686c7905444d6bbd?s=96&d=mm&r=g\",\"caption\":\"admin\"},\"sameAs\":[\"http:\/\/eautomobiliai.lt\"],\"url\":\"https:\/\/eautomobiliai.lt\/index.php\/author\/admin\/\"}]}<\/script>\n<!-- \/ Yoast SEO plugin. -->","yoast_head_json":{"title":"Kovo m\u0117nes\u012f elektromobili\u0173 registracij\u0173 skai\u010dius i\u0161augo 50 proc., kai australai pradeda elektr\u0105 naudoti kuro kriz\u0117s metu - Eautomobiliai.lt","robots":{"index":"index","follow":"follow","max-snippet":"max-snippet:-1","max-image-preview":"max-image-preview:large","max-video-preview":"max-video-preview:-1"},"canonical":"https:\/\/eautomobiliai.lt\/index.php\/2026\/04\/01\/kovo-menesi-elektromobiliu-registraciju-skaicius-isaugo-50-proc-kai-australai-pradeda-elektra-naudoti-kuro-krizes-metu\/","og_locale":"lt_LT","og_type":"article","og_title":"Kovo m\u0117nes\u012f elektromobili\u0173 registracij\u0173 skai\u010dius i\u0161augo 50 proc., kai australai pradeda elektr\u0105 naudoti kuro kriz\u0117s metu - Eautomobiliai.lt","og_description":"D\u0117l pastaruoju metu pakilusi\u0173 degal\u0173 kain\u0173 ir baimi\u0173 d\u0117l besit\u0119sian\u010dios degal\u0173 kriz\u0117s elektromobili\u0173 pardavimas Australijoje labai i\u0161augo beveik 50 proc.,&hellip;","og_url":"https:\/\/eautomobiliai.lt\/index.php\/2026\/04\/01\/kovo-menesi-elektromobiliu-registraciju-skaicius-isaugo-50-proc-kai-australai-pradeda-elektra-naudoti-kuro-krizes-metu\/","og_site_name":"Eautomobiliai.lt","article_published_time":"2026-04-01T19:49:26+00:00","og_image":[{"width":1200,"height":900,"url":"https:\/\/eautomobiliai.lt\/wp-content\/uploads\/2026\/04\/Kovo-menesi-elektromobiliu-registraciju-skaicius-isaugo-50-proc-kai-australai.jpg","type":"image\/jpeg"}],"author":"admin","twitter_card":"summary_large_image","twitter_misc":{"Written by":"admin","Est. reading time":"2 minut\u0117s"},"schema":{"@context":"https:\/\/schema.org","@graph":[{"@type":"Article","@id":"https:\/\/eautomobiliai.lt\/index.php\/2026\/04\/01\/kovo-menesi-elektromobiliu-registraciju-skaicius-isaugo-50-proc-kai-australai-pradeda-elektra-naudoti-kuro-krizes-metu\/#article","isPartOf":{"@id":"https:\/\/eautomobiliai.lt\/index.php\/2026\/04\/01\/kovo-menesi-elektromobiliu-registraciju-skaicius-isaugo-50-proc-kai-australai-pradeda-elektra-naudoti-kuro-krizes-metu\/"},"author":{"name":"admin","@id":"http:\/\/eautomobiliai.lt\/#\/schema\/person\/ecf2a967f361217d056061f74deb92f2"},"headline":"Kovo m\u0117nes\u012f elektromobili\u0173 registracij\u0173 skai\u010dius i\u0161augo 50 proc., kai australai pradeda elektr\u0105 naudoti kuro kriz\u0117s metu","datePublished":"2026-04-01T19:49:26+00:00","mainEntityOfPage":{"@id":"https:\/\/eautomobiliai.lt\/index.php\/2026\/04\/01\/kovo-menesi-elektromobiliu-registraciju-skaicius-isaugo-50-proc-kai-australai-pradeda-elektra-naudoti-kuro-krizes-metu\/"},"wordCount":429,"commentCount":0,"image":{"@id":"https:\/\/eautomobiliai.lt\/index.php\/2026\/04\/01\/kovo-menesi-elektromobiliu-registraciju-skaicius-isaugo-50-proc-kai-australai-pradeda-elektra-naudoti-kuro-krizes-metu\/#primaryimage"},"thumbnailUrl":"https:\/\/eautomobiliai.lt\/wp-content\/uploads\/2026\/04\/Kovo-menesi-elektromobiliu-registraciju-skaicius-isaugo-50-proc-kai-australai.jpg","keywords":["australai","elektra","elektromobili\u0173","i\u0161augo","kai","kovo","kriz\u0117s","kuro","m\u0117nes\u012f","met\u0173","naudoti","pradeda","proc","registracij\u0173","skai\u010dius"],"articleSection":["eAUTOMOBILI\u0172 TECHNIN\u0116 PUS\u0116"],"inLanguage":"lt-LT","potentialAction":[{"@type":"CommentAction","name":"Comment","target":["https:\/\/eautomobiliai.lt\/index.php\/2026\/04\/01\/kovo-menesi-elektromobiliu-registraciju-skaicius-isaugo-50-proc-kai-australai-pradeda-elektra-naudoti-kuro-krizes-metu\/#respond"]}]},{"@type":"WebPage","@id":"https:\/\/eautomobiliai.lt\/index.php\/2026\/04\/01\/kovo-menesi-elektromobiliu-registraciju-skaicius-isaugo-50-proc-kai-australai-pradeda-elektra-naudoti-kuro-krizes-metu\/","url":"https:\/\/eautomobiliai.lt\/index.php\/2026\/04\/01\/kovo-menesi-elektromobiliu-registraciju-skaicius-isaugo-50-proc-kai-australai-pradeda-elektra-naudoti-kuro-krizes-metu\/","name":"Kovo m\u0117nes\u012f elektromobili\u0173 registracij\u0173 skai\u010dius i\u0161augo 50 proc., kai australai pradeda elektr\u0105 naudoti kuro kriz\u0117s metu - Eautomobiliai.lt","isPartOf":{"@id":"http:\/\/eautomobiliai.lt\/#website"},"primaryImageOfPage":{"@id":"https:\/\/eautomobiliai.lt\/index.php\/2026\/04\/01\/kovo-menesi-elektromobiliu-registraciju-skaicius-isaugo-50-proc-kai-australai-pradeda-elektra-naudoti-kuro-krizes-metu\/#primaryimage"},"image":{"@id":"https:\/\/eautomobiliai.lt\/index.php\/2026\/04\/01\/kovo-menesi-elektromobiliu-registraciju-skaicius-isaugo-50-proc-kai-australai-pradeda-elektra-naudoti-kuro-krizes-metu\/#primaryimage"},"thumbnailUrl":"https:\/\/eautomobiliai.lt\/wp-content\/uploads\/2026\/04\/Kovo-menesi-elektromobiliu-registraciju-skaicius-isaugo-50-proc-kai-australai.jpg","datePublished":"2026-04-01T19:49:26+00:00","author":{"@id":"http:\/\/eautomobiliai.lt\/#\/schema\/person\/ecf2a967f361217d056061f74deb92f2"},"breadcrumb":{"@id":"https:\/\/eautomobiliai.lt\/index.php\/2026\/04\/01\/kovo-menesi-elektromobiliu-registraciju-skaicius-isaugo-50-proc-kai-australai-pradeda-elektra-naudoti-kuro-krizes-metu\/#breadcrumb"},"inLanguage":"lt-LT","potentialAction":[{"@type":"ReadAction","target":["https:\/\/eautomobiliai.lt\/index.php\/2026\/04\/01\/kovo-menesi-elektromobiliu-registraciju-skaicius-isaugo-50-proc-kai-australai-pradeda-elektra-naudoti-kuro-krizes-metu\/"]}]},{"@type":"ImageObject","inLanguage":"lt-LT","@id":"https:\/\/eautomobiliai.lt\/index.php\/2026\/04\/01\/kovo-menesi-elektromobiliu-registraciju-skaicius-isaugo-50-proc-kai-australai-pradeda-elektra-naudoti-kuro-krizes-metu\/#primaryimage","url":"https:\/\/eautomobiliai.lt\/wp-content\/uploads\/2026\/04\/Kovo-menesi-elektromobiliu-registraciju-skaicius-isaugo-50-proc-kai-australai.jpg","contentUrl":"https:\/\/eautomobiliai.lt\/wp-content\/uploads\/2026\/04\/Kovo-menesi-elektromobiliu-registraciju-skaicius-isaugo-50-proc-kai-australai.jpg","width":1200,"height":900},{"@type":"BreadcrumbList","@id":"https:\/\/eautomobiliai.lt\/index.php\/2026\/04\/01\/kovo-menesi-elektromobiliu-registraciju-skaicius-isaugo-50-proc-kai-australai-pradeda-elektra-naudoti-kuro-krizes-metu\/#breadcrumb","itemListElement":[{"@type":"ListItem","position":1,"name":"Home","item":"http:\/\/eautomobiliai.lt\/"},{"@type":"ListItem","position":2,"name":"Kovo m\u0117nes\u012f elektromobili\u0173 registracij\u0173 skai\u010dius i\u0161augo 50 proc., kai australai pradeda elektr\u0105 naudoti kuro kriz\u0117s metu"}]},{"@type":"WebSite","@id":"http:\/\/eautomobiliai.lt\/#website","url":"http:\/\/eautomobiliai.lt\/","name":"Eautomobiliai.lt","description":"Elektrinis transportas, technologijos","potentialAction":[{"@type":"SearchAction","target":{"@type":"EntryPoint","urlTemplate":"http:\/\/eautomobiliai.lt\/?s={search_term_string}"},"query-input":{"@type":"PropertyValueSpecification","valueRequired":true,"valueName":"search_term_string"}}],"inLanguage":"lt-LT"},{"@type":"Person","@id":"http:\/\/eautomobiliai.lt\/#\/schema\/person\/ecf2a967f361217d056061f74deb92f2","name":"admin","image":{"@type":"ImageObject","inLanguage":"lt-LT","@id":"http:\/\/eautomobiliai.lt\/#\/schema\/person\/image\/","url":"https:\/\/secure.gravatar.com\/avatar\/6323379efae0c70c686c7905444d6bbd?s=96&d=mm&r=g","contentUrl":"https:\/\/secure.gravatar.com\/avatar\/6323379efae0c70c686c7905444d6bbd?s=96&d=mm&r=g","caption":"admin"},"sameAs":["http:\/\/eautomobiliai.lt"],"url":"https:\/\/eautomobiliai.lt\/index.php\/author\/admin\/"}]}},"_links":{"self":[{"href":"https:\/\/eautomobiliai.lt\/index.php\/wp-json\/wp\/v2\/posts\/3904","targetHints":{"allow":["GET"]}}],"collection":[{"href":"https:\/\/eautomobiliai.lt\/index.php\/wp-json\/wp\/v2\/posts"}],"about":[{"href":"https:\/\/eautomobiliai.lt\/index.php\/wp-json\/wp\/v2\/types\/post"}],"author":[{"embeddable":true,"href":"https:\/\/eautomobiliai.lt\/index.php\/wp-json\/wp\/v2\/users\/1"}],"replies":[{"embeddable":true,"href":"https:\/\/eautomobiliai.lt\/index.php\/wp-json\/wp\/v2\/comments?post=3904"}],"version-history":[{"count":0,"href":"https:\/\/eautomobiliai.lt\/index.php\/wp-json\/wp\/v2\/posts\/3904\/revisions"}],"wp:featuredmedia":[{"embeddable":true,"href":"https:\/\/eautomobiliai.lt\/index.php\/wp-json\/wp\/v2\/media\/3905"}],"wp:attachment":[{"href":"https:\/\/eautomobiliai.lt\/index.php\/wp-json\/wp\/v2\/media?parent=3904"}],"wp:term":[{"taxonomy":"category","embeddable":true,"href":"https:\/\/eautomobiliai.lt\/index.php\/wp-json\/wp\/v2\/categories?post=3904"},{"taxonomy":"post_tag","embeddable":true,"href":"https:\/\/eautomobiliai.lt\/index.php\/wp-json\/wp\/v2\/tags?post=3904"}],"curies":[{"name":"wp","href":"https:\/\/api.w.org\/{rel}","templated":true}]}}