{"id":3922,"date":"2026-04-03T11:54:12","date_gmt":"2026-04-03T11:54:12","guid":{"rendered":"https:\/\/eautomobiliai.lt\/index.php\/2026\/04\/03\/toyota-hilux-elektrinis-automobilis-pagaliau-atvyks-i-australija-taciau-jo-diapazonas-yra-ribotas\/"},"modified":"2026-04-03T11:54:12","modified_gmt":"2026-04-03T11:54:12","slug":"toyota-hilux-elektrinis-automobilis-pagaliau-atvyks-i-australija-taciau-jo-diapazonas-yra-ribotas","status":"publish","type":"post","link":"https:\/\/eautomobiliai.lt\/index.php\/2026\/04\/03\/toyota-hilux-elektrinis-automobilis-pagaliau-atvyks-i-australija-taciau-jo-diapazonas-yra-ribotas\/","title":{"rendered":"\u201eToyota Hilux\u201c elektrinis automobilis pagaliau atvyks \u012f Australij\u0105, ta\u010diau jo diapazonas yra ribotas"},"content":{"rendered":"<p> <br \/>\n<\/p>\n<div id=\"\">\n<p>Pra\u0117jus beveik trejiems metams po to, kai bendrov\u0117 atliko in\u017einerin\u012f vertinim\u0105, \u201eToyota\u201c pagaliau patvirtino \u201eHilux\u201c elektrin\u012f \u012frengin\u012f Australijai ir pasi\u016blys dviej\u0173 variant\u0173, ta\u010diau riboto asortimento, \u017eym\u0173j\u012f paket\u0105.<\/p>\n<p>Dviej\u0173 kabin\u0173 va\u017eiuokl\u0117s SR kainos prasid\u0117s nuo 74 990 USD prie\u0161 va\u017eiuojant keliuose, o tiems, kurie nori dvigubos kabinos pikapo, prie \u0161ios kainos gali b\u016bti prid\u0117ta 1 500 USD papildoma parinktis, padidinant j\u0105 iki 76 490 USD. Pavyzdinis elektrinis \u012frenginys su SR5 \u017eenkleliu kainuoja 82 990 USD prie\u0161 va\u017eiuojant keliuose.<\/p>\n<p>\u201eHilux Electrics\u201c bus maitinamas 59,2 kWh akumuliatoriaus bloku, kuris nuva\u017eiuos iki 315 km \u2013 pagal NEDC skai\u010diavim\u0105 (taigi, Australijoje \u012fprastai naudojamame WLTP diapazone daug ma\u017eiau), o SR va\u017eiuokl\u0117 su kabina tur\u0117s tik 245 km NEDC.<\/p>\n<p>D\u0117l \u0161ios prie\u017easties \u201eToyota\u201c orientuojasi \u012f kasybos laivynus ir tuos, kurie dirba didmies\u010di\u0173 zonose arba kuriems nereikia va\u017eiuoti dideliais atstumais.<\/p>\n<figure id=\"attachment_195114\" aria-describedby=\"caption-attachment-195114\" style=\"width: 1200px\" class=\"wp-caption aligncenter\"><img loading=\"lazy\" decoding=\"async\" class=\"size-full wp-image-195114\" src=\"https:\/\/thedriven.io\/wp-content\/uploads\/2026\/04\/Toyota-Hilux-BEV-Rear-Parked.jpg\" alt=\"\" width=\"1200\" height=\"800\" srcset=\"https:\/\/thedriven.io\/wp-content\/uploads\/2026\/04\/Toyota-Hilux-BEV-Rear-Parked.jpg 1200w, https:\/\/thedriven.io\/wp-content\/uploads\/2026\/04\/Toyota-Hilux-BEV-Rear-Parked-388x259.jpg 388w, https:\/\/thedriven.io\/wp-content\/uploads\/2026\/04\/Toyota-Hilux-BEV-Rear-Parked-1160x773.jpg 1160w, https:\/\/thedriven.io\/wp-content\/uploads\/2026\/04\/Toyota-Hilux-BEV-Rear-Parked-800x533.jpg 800w, https:\/\/thedriven.io\/wp-content\/uploads\/2026\/04\/Toyota-Hilux-BEV-Rear-Parked-120x80.jpg 120w, https:\/\/thedriven.io\/wp-content\/uploads\/2026\/04\/Toyota-Hilux-BEV-Rear-Parked-90x60.jpg 90w, https:\/\/thedriven.io\/wp-content\/uploads\/2026\/04\/Toyota-Hilux-BEV-Rear-Parked-320x213.jpg 320w, https:\/\/thedriven.io\/wp-content\/uploads\/2026\/04\/Toyota-Hilux-BEV-Rear-Parked-560x373.jpg 560w, https:\/\/thedriven.io\/wp-content\/uploads\/2026\/04\/Toyota-Hilux-BEV-Rear-Parked-150x100.jpg 150w, https:\/\/thedriven.io\/wp-content\/uploads\/2026\/04\/Toyota-Hilux-BEV-Rear-Parked-240x160.jpg 240w, https:\/\/thedriven.io\/wp-content\/uploads\/2026\/04\/Toyota-Hilux-BEV-Rear-Parked-180x120.jpg 180w, https:\/\/thedriven.io\/wp-content\/uploads\/2026\/04\/Toyota-Hilux-BEV-Rear-Parked-640x427.jpg 640w, https:\/\/thedriven.io\/wp-content\/uploads\/2026\/04\/Toyota-Hilux-BEV-Rear-Parked-1120x747.jpg 1120w, https:\/\/thedriven.io\/wp-content\/uploads\/2026\/04\/Toyota-Hilux-BEV-Rear-Parked-300x200.jpg 300w\" sizes=\"auto, (max-width: 1200px) 100vw, 1200px\"\/><figcaption id=\"caption-attachment-195114\" class=\"wp-caption-text\">Nuotrauka: Toyota Australia<\/figcaption><\/figure>\n<p>\u201eToyota Australia\u201c pardavim\u0173, rinkodaros ir fran\u0161iz\u0117s operacij\u0173 viceprezidentas Johnas Pappas pasidalijo, kad \u201eHilux BEV\u201c buvo svarbus vietin\u0117s serijos papildymas ir leis tiek Australijos \u012fmon\u0117ms, tiek privatiems pirk\u0117jams pasirinkti \u201eHiLux\u201c, kurio i\u0161metam\u0173j\u0173 ter\u0161al\u0173 n\u0117ra.<\/p>\n<p>\u201eTai yra esminis \u017eingsnis \u012f priek\u012f teikiant vartotojams tinkam\u0105 j\u0117gos agregat\u0105 tinkamam naudojimui tinkamu laiku\u201c, \u2013 sakoma jo prane\u0161ime.<\/p>\n<p>\u201e\u0160iuo metu \u201eToyota\u201c yra jaudinantis metas; \u012fdiegus elektrin\u0119 taip m\u0117gstamo HiLux pikapo versij\u0105, \u012fmon\u0117s ir automobili\u0173 parkai pagaliau suteikia galimyb\u0119 va\u017eiuoti ma\u017eai ter\u0161al\u0173 i\u0161metan\u010diomis transporto priemon\u0117mis kartu su pla\u010diu Toyota dali\u0173 ir technin\u0117s prie\u017ei\u016bros tinklu.<\/p>\n<p>\u201eTies\u0105 sakant, \u201eToyota\u201c jau kelis m\u0117nesius i\u0161band\u0117 \u201eHiLux BEV\u201c kasykl\u0173 aik\u0161tel\u0117se, kai temperat\u016bra siekia beveik 50 \u00b0C, u\u017etikrindama, kad \u0161ios naujos j\u0117gos agregato na\u0161umas atitikt\u0173 i\u0161bandyt\u0105 HiLux dyzelin\u0105.<\/p>\n<p>\u201ePrivat\u016bs pirk\u0117jai, norintys pereiti prie elektrinio pikapo, dabar palaiko Toyota kokyb\u0119, ilgaam\u017ei\u0161kum\u0105 ir patikimum\u0105.<\/p>\n<figure id=\"attachment_195112\" aria-describedby=\"caption-attachment-195112\" style=\"width: 1200px\" class=\"wp-caption aligncenter\"><img decoding=\"async\" class=\"size-full wp-image-195112 native-lazyload-js-fallback\" alt=\"\" width=\"1200\" height=\"800\" loading=\"lazy\" src=\"https:\/\/b2232832.smushcdn.com\/2232832\/wp-content\/uploads\/2026\/04\/Toyota-Hilux-BEV-Front-Parked.jpg?lossy=1&amp;strip=0&amp;webp=1\" srcset=\"https:\/\/b2232832.smushcdn.com\/2232832\/wp-content\/uploads\/2026\/04\/Toyota-Hilux-BEV-Front-Parked.jpg?lossy=1&amp;strip=0&amp;webp=1 1200w, https:\/\/b2232832.smushcdn.com\/2232832\/wp-content\/uploads\/2026\/04\/Toyota-Hilux-BEV-Front-Parked-388x259.jpg?lossy=1&amp;strip=0&amp;webp=1 388w, https:\/\/b2232832.smushcdn.com\/2232832\/wp-content\/uploads\/2026\/04\/Toyota-Hilux-BEV-Front-Parked-1160x773.jpg?lossy=1&amp;strip=0&amp;webp=1 1160w, https:\/\/b2232832.smushcdn.com\/2232832\/wp-content\/uploads\/2026\/04\/Toyota-Hilux-BEV-Front-Parked-800x533.jpg?lossy=1&amp;strip=0&amp;webp=1 800w, https:\/\/b2232832.smushcdn.com\/2232832\/wp-content\/uploads\/2026\/04\/Toyota-Hilux-BEV-Front-Parked-120x80.jpg?lossy=1&amp;strip=0&amp;webp=1 120w, https:\/\/b2232832.smushcdn.com\/2232832\/wp-content\/uploads\/2026\/04\/Toyota-Hilux-BEV-Front-Parked-90x60.jpg?lossy=1&amp;strip=0&amp;webp=1 90w, https:\/\/b2232832.smushcdn.com\/2232832\/wp-content\/uploads\/2026\/04\/Toyota-Hilux-BEV-Front-Parked-320x213.jpg?lossy=1&amp;strip=0&amp;webp=1 320w, https:\/\/b2232832.smushcdn.com\/2232832\/wp-content\/uploads\/2026\/04\/Toyota-Hilux-BEV-Front-Parked-560x373.jpg?lossy=1&amp;strip=0&amp;webp=1 560w, https:\/\/b2232832.smushcdn.com\/2232832\/wp-content\/uploads\/2026\/04\/Toyota-Hilux-BEV-Front-Parked-150x100.jpg?lossy=1&amp;strip=0&amp;webp=1 150w, https:\/\/b2232832.smushcdn.com\/2232832\/wp-content\/uploads\/2026\/04\/Toyota-Hilux-BEV-Front-Parked-240x160.jpg?lossy=1&amp;strip=0&amp;webp=1 240w, https:\/\/b2232832.smushcdn.com\/2232832\/wp-content\/uploads\/2026\/04\/Toyota-Hilux-BEV-Front-Parked-180x120.jpg?lossy=1&amp;strip=0&amp;webp=1 180w, https:\/\/b2232832.smushcdn.com\/2232832\/wp-content\/uploads\/2026\/04\/Toyota-Hilux-BEV-Front-Parked-640x427.jpg?lossy=1&amp;strip=0&amp;webp=1 640w, https:\/\/b2232832.smushcdn.com\/2232832\/wp-content\/uploads\/2026\/04\/Toyota-Hilux-BEV-Front-Parked-1120x747.jpg?lossy=1&amp;strip=0&amp;webp=1 1120w, https:\/\/b2232832.smushcdn.com\/2232832\/wp-content\/uploads\/2026\/04\/Toyota-Hilux-BEV-Front-Parked-300x200.jpg?lossy=1&amp;strip=0&amp;webp=1 300w\" data-sizes=\"(max-width: 1200px) 100vw, 1200px\"\/><img loading=\"lazy\" decoding=\"async\" class=\"size-full wp-image-195112\" src=\"https:\/\/thedriven.io\/wp-content\/uploads\/2026\/04\/Toyota-Hilux-BEV-Front-Parked.jpg\" alt=\"\" width=\"1200\" height=\"800\" srcset=\"https:\/\/thedriven.io\/wp-content\/uploads\/2026\/04\/Toyota-Hilux-BEV-Front-Parked.jpg 1200w, https:\/\/thedriven.io\/wp-content\/uploads\/2026\/04\/Toyota-Hilux-BEV-Front-Parked-388x259.jpg 388w, https:\/\/thedriven.io\/wp-content\/uploads\/2026\/04\/Toyota-Hilux-BEV-Front-Parked-1160x773.jpg 1160w, https:\/\/thedriven.io\/wp-content\/uploads\/2026\/04\/Toyota-Hilux-BEV-Front-Parked-800x533.jpg 800w, https:\/\/thedriven.io\/wp-content\/uploads\/2026\/04\/Toyota-Hilux-BEV-Front-Parked-120x80.jpg 120w, https:\/\/thedriven.io\/wp-content\/uploads\/2026\/04\/Toyota-Hilux-BEV-Front-Parked-90x60.jpg 90w, https:\/\/thedriven.io\/wp-content\/uploads\/2026\/04\/Toyota-Hilux-BEV-Front-Parked-320x213.jpg 320w, https:\/\/thedriven.io\/wp-content\/uploads\/2026\/04\/Toyota-Hilux-BEV-Front-Parked-560x373.jpg 560w, https:\/\/thedriven.io\/wp-content\/uploads\/2026\/04\/Toyota-Hilux-BEV-Front-Parked-150x100.jpg 150w, https:\/\/thedriven.io\/wp-content\/uploads\/2026\/04\/Toyota-Hilux-BEV-Front-Parked-240x160.jpg 240w, https:\/\/thedriven.io\/wp-content\/uploads\/2026\/04\/Toyota-Hilux-BEV-Front-Parked-180x120.jpg 180w, https:\/\/thedriven.io\/wp-content\/uploads\/2026\/04\/Toyota-Hilux-BEV-Front-Parked-640x427.jpg 640w, https:\/\/thedriven.io\/wp-content\/uploads\/2026\/04\/Toyota-Hilux-BEV-Front-Parked-1120x747.jpg 1120w, https:\/\/thedriven.io\/wp-content\/uploads\/2026\/04\/Toyota-Hilux-BEV-Front-Parked-300x200.jpg 300w\" sizes=\"auto, (max-width: 1200px) 100vw, 1200px\"\/><figcaption id=\"caption-attachment-195112\" class=\"wp-caption-text\">Nuotrauka: Toyota Australia<\/figcaption><\/figure>\n<p>Hilux BEV yra dviej\u0173 varikli\u0173 j\u0117gos agregatas, kurio bendra galia yra 144 kW ir 468 Nm sukimo momentas. Tai i\u0161 priekinio variklio, kuris gali pagaminti iki 82 kW, o galinio variklio galia siekia 129 kW.<\/p>\n<p>Kad pad\u0117t\u0173 \u012fkrauti, \u201eToyota\u201c privatiems klientams su kiekvienu parduodamu \u201eHilux BEV\u201c pasi\u016blys 7 kW kintamosios srov\u0117s \u012fkrovikl\u012f, kuris pad\u0117s jiems \u012fkrauti namuose.<\/p>\n<p>Viduje yra 12,3 colio informacinis ir pramoginis ekranas su keturiais garsiakalbiais ir suderinamumu su Apple Carplay bei Android Auto.<\/p>\n<p>SR5 specifikacijoje yra LED priekiniai \u017eibintai su automati\u0161kai i\u0161silygiuojan\u010diais, automati\u0161kai \u012ftraukiamais ir \u0161ildomais i\u0161oriniais veidrod\u0117liais, LED r\u016bko ir galiniai \u017eibintai, galinis stiklas ir da\u017eytas gaubto profilis bei apatin\u0117s radiatoriaus grotel\u0117s.<\/p>\n<p>Taip pat yra odiniai apmu\u0161alai, \u0161ildomos priekin\u0117s s\u0117dyn\u0117s su elektriniu vairuotojo reguliavimu ir dviej\u0173 kryp\u010di\u0173 juosmens atrama, \u0161ildomas vairas, kilimin\u0117 danga, elektrochrominis galinio vaizdo veidrod\u0117lis, mink\u0161tas, u\u017edengtas prietais\u0173 skydelis, sidabrin\u0117s dur\u0173 rankenos, a\u0161tuoni\u0173 garsiakalbi\u0173 garso sistema ir bevielis telefono \u012fkroviklis.<\/p>\n<p>Bendrov\u0117 siekia i\u0161leisti trij\u0173 spalv\u0173 Hilux Electric, \u012fskaitant du baltus tonus ir pelen\u0173 skal\u016bn\u0105. \u201eToyota\u201c teigimu, \u201eHilux BEV ute\u201c Australijoje bus galima u\u017esisakyti nuo gegu\u017e\u0117s m\u0117nesio, papildant \u0161iuo metu geriausiai parduodam\u0173 \u201eHilux ute\u201c asortiment\u0105.<\/p>\n<div class=\"saboxplugin-wrap\" itemtype=\"http:\/\/schema.org\/Person\" itemscope=\"\" itemprop=\"author\">\n<div class=\"saboxplugin-tab\">\n<div class=\"saboxplugin-gravatar\"><img decoding=\"async\" width=\"100\" height=\"100\" alt=\"Rizas Akhtaras\" itemprop=\"image\" loading=\"lazy\" class=\"native-lazyload-js-fallback\" src=\"https:\/\/b2232832.smushcdn.com\/2232832\/wp-content\/uploads\/2022\/02\/Riz.jpg?lossy=1&amp;strip=0&amp;webp=1\"\/><img loading=\"lazy\" decoding=\"async\" src=\"https:\/\/thedriven.io\/wp-content\/uploads\/2022\/02\/Riz.jpg\" width=\"100\" height=\"100\" alt=\"Rizas Akhtaras\" itemprop=\"image\"\/><\/div>\n<div class=\"saboxplugin-desc\">\n<div itemprop=\"description\">\n<p>Rizas yra Melburne \u012fsik\u016brusios \u012fmon\u0117s \u201ecarloop\u201c \u012fk\u016br\u0117jas, kurio specializacija yra Australijos EV duomenys, \u012f\u017evalgos ataskaitos ir tendencijos. Jis yra mechanikos in\u017einierius, kuris pirmuosius 7 savo karjeros metus praleido kurdamas transporto infrastrukt\u016br\u0105 prie\u0161 prad\u0117damas \u201ecarloop\u201c. Jis domisi automobiliams, ypa\u010d elektromobiliams, ir nori pad\u0117ti suma\u017einti transporto i\u0161metam\u0173 ter\u0161al\u0173 kiek\u012f Australijoje. \u0160iuo metu jis vairuoja raudon\u0105 \u201eTesla Model 3\u201c.<\/p>\n<\/div>\n<\/div>\n<\/div>\n<\/div>\n<p><!-- AI CONTENT END 1 --><\/p><\/div>\n<p><br \/>\n<br \/><a href=\"https:\/\/thedriven.io\/2026\/04\/01\/toyota-hilux-electric-ute-to-finally-arrive-in-australia-but-with-limited-range\/\">Source link <\/a><\/p>\n","protected":false},"excerpt":{"rendered":"<p>Pra\u0117jus beveik trejiems metams po to, kai bendrov\u0117 atliko in\u017einerin\u012f vertinim\u0105, \u201eToyota\u201c pagaliau patvirtino \u201eHilux\u201c elektrin\u012f \u012frengin\u012f Australijai ir pasi\u016blys&hellip;<\/p>\n","protected":false},"author":1,"featured_media":3923,"comment_status":"open","ping_status":"open","sticky":false,"template":"","format":"standard","meta":{"om_disable_all_campaigns":false,"_monsterinsights_skip_tracking":false,"_monsterinsights_sitenote_active":false,"_monsterinsights_sitenote_note":"","_monsterinsights_sitenote_category":0,"footnotes":""},"categories":[39],"tags":[4733,1301,544,2902,26,4351,884,5854,251,264,49],"class_list":["post-3922","post","type-post","status-publish","format-standard","has-post-thumbnail","hentry","category-eautomobiliu-technine-puse","tag-atvyks","tag-australija","tag-automobilis","tag-diapazonas","tag-elektrinis","tag-hilux","tag-pagaliau","tag-ribotas","tag-taciau","tag-toyota","tag-yra"],"aioseo_notices":[],"yoast_head":"<!-- This site is optimized with the Yoast SEO plugin v26.8 - https:\/\/yoast.com\/product\/yoast-seo-wordpress\/ -->\n<title>\u201eToyota Hilux\u201c elektrinis automobilis pagaliau atvyks \u012f Australij\u0105, ta\u010diau jo diapazonas yra ribotas - Eautomobiliai.lt<\/title>\n<meta name=\"robots\" content=\"index, follow, max-snippet:-1, max-image-preview:large, max-video-preview:-1\" \/>\n<link rel=\"canonical\" href=\"http:\/\/eautomobiliai.lt\/index.php\/2026\/04\/03\/toyota-hilux-elektrinis-automobilis-pagaliau-atvyks-i-australija-taciau-jo-diapazonas-yra-ribotas\/\" \/>\n<meta property=\"og:locale\" content=\"lt_LT\" \/>\n<meta property=\"og:type\" content=\"article\" \/>\n<meta property=\"og:title\" content=\"\u201eToyota Hilux\u201c elektrinis automobilis pagaliau atvyks \u012f Australij\u0105, ta\u010diau jo diapazonas yra ribotas - Eautomobiliai.lt\" \/>\n<meta property=\"og:description\" content=\"Pra\u0117jus beveik trejiems metams po to, kai bendrov\u0117 atliko in\u017einerin\u012f vertinim\u0105, \u201eToyota\u201c pagaliau patvirtino \u201eHilux\u201c elektrin\u012f \u012frengin\u012f Australijai ir pasi\u016blys&hellip;\" \/>\n<meta property=\"og:url\" content=\"http:\/\/eautomobiliai.lt\/index.php\/2026\/04\/03\/toyota-hilux-elektrinis-automobilis-pagaliau-atvyks-i-australija-taciau-jo-diapazonas-yra-ribotas\/\" \/>\n<meta property=\"og:site_name\" content=\"Eautomobiliai.lt\" \/>\n<meta property=\"article:published_time\" content=\"2026-04-03T11:54:12+00:00\" \/>\n<meta property=\"og:image\" content=\"http:\/\/eautomobiliai.lt\/wp-content\/uploads\/2026\/04\/\u201eToyota-Hilux-elektrinis-automobilis-pagaliau-atvyks-i-Australija-taciau-jo.jpg\" \/>\n\t<meta property=\"og:image:width\" content=\"1200\" \/>\n\t<meta property=\"og:image:height\" content=\"800\" \/>\n\t<meta property=\"og:image:type\" content=\"image\/jpeg\" \/>\n<meta name=\"author\" content=\"admin\" \/>\n<meta name=\"twitter:card\" content=\"summary_large_image\" \/>\n<meta name=\"twitter:label1\" content=\"Written by\" \/>\n\t<meta name=\"twitter:data1\" content=\"admin\" \/>\n\t<meta name=\"twitter:label2\" content=\"Est. reading time\" \/>\n\t<meta name=\"twitter:data2\" content=\"3 minut\u0117s\" \/>\n<script type=\"application\/ld+json\" class=\"yoast-schema-graph\">{\"@context\":\"https:\/\/schema.org\",\"@graph\":[{\"@type\":\"Article\",\"@id\":\"http:\/\/eautomobiliai.lt\/index.php\/2026\/04\/03\/toyota-hilux-elektrinis-automobilis-pagaliau-atvyks-i-australija-taciau-jo-diapazonas-yra-ribotas\/#article\",\"isPartOf\":{\"@id\":\"http:\/\/eautomobiliai.lt\/index.php\/2026\/04\/03\/toyota-hilux-elektrinis-automobilis-pagaliau-atvyks-i-australija-taciau-jo-diapazonas-yra-ribotas\/\"},\"author\":{\"name\":\"admin\",\"@id\":\"http:\/\/eautomobiliai.lt\/#\/schema\/person\/ecf2a967f361217d056061f74deb92f2\"},\"headline\":\"\u201eToyota Hilux\u201c elektrinis automobilis pagaliau atvyks \u012f Australij\u0105, ta\u010diau jo diapazonas yra ribotas\",\"datePublished\":\"2026-04-03T11:54:12+00:00\",\"mainEntityOfPage\":{\"@id\":\"http:\/\/eautomobiliai.lt\/index.php\/2026\/04\/03\/toyota-hilux-elektrinis-automobilis-pagaliau-atvyks-i-australija-taciau-jo-diapazonas-yra-ribotas\/\"},\"wordCount\":594,\"commentCount\":0,\"image\":{\"@id\":\"http:\/\/eautomobiliai.lt\/index.php\/2026\/04\/03\/toyota-hilux-elektrinis-automobilis-pagaliau-atvyks-i-australija-taciau-jo-diapazonas-yra-ribotas\/#primaryimage\"},\"thumbnailUrl\":\"https:\/\/eautomobiliai.lt\/wp-content\/uploads\/2026\/04\/\u201eToyota-Hilux-elektrinis-automobilis-pagaliau-atvyks-i-Australija-taciau-jo.jpg\",\"keywords\":[\"atvyks\",\"Australij\u0105\",\"automobilis\",\"diapazonas\",\"Elektrinis\",\"HiLux\",\"pagaliau\",\"ribotas\",\"ta\u010diau\",\"Toyota\",\"yra\"],\"articleSection\":[\"eAUTOMOBILI\u0172 TECHNIN\u0116 PUS\u0116\"],\"inLanguage\":\"lt-LT\",\"potentialAction\":[{\"@type\":\"CommentAction\",\"name\":\"Comment\",\"target\":[\"http:\/\/eautomobiliai.lt\/index.php\/2026\/04\/03\/toyota-hilux-elektrinis-automobilis-pagaliau-atvyks-i-australija-taciau-jo-diapazonas-yra-ribotas\/#respond\"]}]},{\"@type\":\"WebPage\",\"@id\":\"http:\/\/eautomobiliai.lt\/index.php\/2026\/04\/03\/toyota-hilux-elektrinis-automobilis-pagaliau-atvyks-i-australija-taciau-jo-diapazonas-yra-ribotas\/\",\"url\":\"http:\/\/eautomobiliai.lt\/index.php\/2026\/04\/03\/toyota-hilux-elektrinis-automobilis-pagaliau-atvyks-i-australija-taciau-jo-diapazonas-yra-ribotas\/\",\"name\":\"\u201eToyota Hilux\u201c elektrinis automobilis pagaliau atvyks \u012f Australij\u0105, ta\u010diau jo diapazonas yra ribotas - Eautomobiliai.lt\",\"isPartOf\":{\"@id\":\"http:\/\/eautomobiliai.lt\/#website\"},\"primaryImageOfPage\":{\"@id\":\"http:\/\/eautomobiliai.lt\/index.php\/2026\/04\/03\/toyota-hilux-elektrinis-automobilis-pagaliau-atvyks-i-australija-taciau-jo-diapazonas-yra-ribotas\/#primaryimage\"},\"image\":{\"@id\":\"http:\/\/eautomobiliai.lt\/index.php\/2026\/04\/03\/toyota-hilux-elektrinis-automobilis-pagaliau-atvyks-i-australija-taciau-jo-diapazonas-yra-ribotas\/#primaryimage\"},\"thumbnailUrl\":\"https:\/\/eautomobiliai.lt\/wp-content\/uploads\/2026\/04\/\u201eToyota-Hilux-elektrinis-automobilis-pagaliau-atvyks-i-Australija-taciau-jo.jpg\",\"datePublished\":\"2026-04-03T11:54:12+00:00\",\"author\":{\"@id\":\"http:\/\/eautomobiliai.lt\/#\/schema\/person\/ecf2a967f361217d056061f74deb92f2\"},\"breadcrumb\":{\"@id\":\"http:\/\/eautomobiliai.lt\/index.php\/2026\/04\/03\/toyota-hilux-elektrinis-automobilis-pagaliau-atvyks-i-australija-taciau-jo-diapazonas-yra-ribotas\/#breadcrumb\"},\"inLanguage\":\"lt-LT\",\"potentialAction\":[{\"@type\":\"ReadAction\",\"target\":[\"http:\/\/eautomobiliai.lt\/index.php\/2026\/04\/03\/toyota-hilux-elektrinis-automobilis-pagaliau-atvyks-i-australija-taciau-jo-diapazonas-yra-ribotas\/\"]}]},{\"@type\":\"ImageObject\",\"inLanguage\":\"lt-LT\",\"@id\":\"http:\/\/eautomobiliai.lt\/index.php\/2026\/04\/03\/toyota-hilux-elektrinis-automobilis-pagaliau-atvyks-i-australija-taciau-jo-diapazonas-yra-ribotas\/#primaryimage\",\"url\":\"https:\/\/eautomobiliai.lt\/wp-content\/uploads\/2026\/04\/\u201eToyota-Hilux-elektrinis-automobilis-pagaliau-atvyks-i-Australija-taciau-jo.jpg\",\"contentUrl\":\"https:\/\/eautomobiliai.lt\/wp-content\/uploads\/2026\/04\/\u201eToyota-Hilux-elektrinis-automobilis-pagaliau-atvyks-i-Australija-taciau-jo.jpg\",\"width\":1200,\"height\":800},{\"@type\":\"BreadcrumbList\",\"@id\":\"http:\/\/eautomobiliai.lt\/index.php\/2026\/04\/03\/toyota-hilux-elektrinis-automobilis-pagaliau-atvyks-i-australija-taciau-jo-diapazonas-yra-ribotas\/#breadcrumb\",\"itemListElement\":[{\"@type\":\"ListItem\",\"position\":1,\"name\":\"Home\",\"item\":\"http:\/\/eautomobiliai.lt\/\"},{\"@type\":\"ListItem\",\"position\":2,\"name\":\"\u201eToyota Hilux\u201c elektrinis automobilis pagaliau atvyks \u012f Australij\u0105, ta\u010diau jo diapazonas yra ribotas\"}]},{\"@type\":\"WebSite\",\"@id\":\"http:\/\/eautomobiliai.lt\/#website\",\"url\":\"http:\/\/eautomobiliai.lt\/\",\"name\":\"Eautomobiliai.lt\",\"description\":\"Elektrinis transportas, technologijos\",\"potentialAction\":[{\"@type\":\"SearchAction\",\"target\":{\"@type\":\"EntryPoint\",\"urlTemplate\":\"http:\/\/eautomobiliai.lt\/?s={search_term_string}\"},\"query-input\":{\"@type\":\"PropertyValueSpecification\",\"valueRequired\":true,\"valueName\":\"search_term_string\"}}],\"inLanguage\":\"lt-LT\"},{\"@type\":\"Person\",\"@id\":\"http:\/\/eautomobiliai.lt\/#\/schema\/person\/ecf2a967f361217d056061f74deb92f2\",\"name\":\"admin\",\"image\":{\"@type\":\"ImageObject\",\"inLanguage\":\"lt-LT\",\"@id\":\"http:\/\/eautomobiliai.lt\/#\/schema\/person\/image\/\",\"url\":\"https:\/\/secure.gravatar.com\/avatar\/6323379efae0c70c686c7905444d6bbd?s=96&d=mm&r=g\",\"contentUrl\":\"https:\/\/secure.gravatar.com\/avatar\/6323379efae0c70c686c7905444d6bbd?s=96&d=mm&r=g\",\"caption\":\"admin\"},\"sameAs\":[\"http:\/\/eautomobiliai.lt\"],\"url\":\"https:\/\/eautomobiliai.lt\/index.php\/author\/admin\/\"}]}<\/script>\n<!-- \/ Yoast SEO plugin. -->","yoast_head_json":{"title":"\u201eToyota Hilux\u201c elektrinis automobilis pagaliau atvyks \u012f Australij\u0105, ta\u010diau jo diapazonas yra ribotas - Eautomobiliai.lt","robots":{"index":"index","follow":"follow","max-snippet":"max-snippet:-1","max-image-preview":"max-image-preview:large","max-video-preview":"max-video-preview:-1"},"canonical":"http:\/\/eautomobiliai.lt\/index.php\/2026\/04\/03\/toyota-hilux-elektrinis-automobilis-pagaliau-atvyks-i-australija-taciau-jo-diapazonas-yra-ribotas\/","og_locale":"lt_LT","og_type":"article","og_title":"\u201eToyota Hilux\u201c elektrinis automobilis pagaliau atvyks \u012f Australij\u0105, ta\u010diau jo diapazonas yra ribotas - Eautomobiliai.lt","og_description":"Pra\u0117jus beveik trejiems metams po to, kai bendrov\u0117 atliko in\u017einerin\u012f vertinim\u0105, \u201eToyota\u201c pagaliau patvirtino \u201eHilux\u201c elektrin\u012f \u012frengin\u012f Australijai ir pasi\u016blys&hellip;","og_url":"http:\/\/eautomobiliai.lt\/index.php\/2026\/04\/03\/toyota-hilux-elektrinis-automobilis-pagaliau-atvyks-i-australija-taciau-jo-diapazonas-yra-ribotas\/","og_site_name":"Eautomobiliai.lt","article_published_time":"2026-04-03T11:54:12+00:00","og_image":[{"width":1200,"height":800,"url":"http:\/\/eautomobiliai.lt\/wp-content\/uploads\/2026\/04\/\u201eToyota-Hilux-elektrinis-automobilis-pagaliau-atvyks-i-Australija-taciau-jo.jpg","type":"image\/jpeg"}],"author":"admin","twitter_card":"summary_large_image","twitter_misc":{"Written by":"admin","Est. reading time":"3 minut\u0117s"},"schema":{"@context":"https:\/\/schema.org","@graph":[{"@type":"Article","@id":"http:\/\/eautomobiliai.lt\/index.php\/2026\/04\/03\/toyota-hilux-elektrinis-automobilis-pagaliau-atvyks-i-australija-taciau-jo-diapazonas-yra-ribotas\/#article","isPartOf":{"@id":"http:\/\/eautomobiliai.lt\/index.php\/2026\/04\/03\/toyota-hilux-elektrinis-automobilis-pagaliau-atvyks-i-australija-taciau-jo-diapazonas-yra-ribotas\/"},"author":{"name":"admin","@id":"http:\/\/eautomobiliai.lt\/#\/schema\/person\/ecf2a967f361217d056061f74deb92f2"},"headline":"\u201eToyota Hilux\u201c elektrinis automobilis pagaliau atvyks \u012f Australij\u0105, ta\u010diau jo diapazonas yra ribotas","datePublished":"2026-04-03T11:54:12+00:00","mainEntityOfPage":{"@id":"http:\/\/eautomobiliai.lt\/index.php\/2026\/04\/03\/toyota-hilux-elektrinis-automobilis-pagaliau-atvyks-i-australija-taciau-jo-diapazonas-yra-ribotas\/"},"wordCount":594,"commentCount":0,"image":{"@id":"http:\/\/eautomobiliai.lt\/index.php\/2026\/04\/03\/toyota-hilux-elektrinis-automobilis-pagaliau-atvyks-i-australija-taciau-jo-diapazonas-yra-ribotas\/#primaryimage"},"thumbnailUrl":"https:\/\/eautomobiliai.lt\/wp-content\/uploads\/2026\/04\/\u201eToyota-Hilux-elektrinis-automobilis-pagaliau-atvyks-i-Australija-taciau-jo.jpg","keywords":["atvyks","Australij\u0105","automobilis","diapazonas","Elektrinis","HiLux","pagaliau","ribotas","ta\u010diau","Toyota","yra"],"articleSection":["eAUTOMOBILI\u0172 TECHNIN\u0116 PUS\u0116"],"inLanguage":"lt-LT","potentialAction":[{"@type":"CommentAction","name":"Comment","target":["http:\/\/eautomobiliai.lt\/index.php\/2026\/04\/03\/toyota-hilux-elektrinis-automobilis-pagaliau-atvyks-i-australija-taciau-jo-diapazonas-yra-ribotas\/#respond"]}]},{"@type":"WebPage","@id":"http:\/\/eautomobiliai.lt\/index.php\/2026\/04\/03\/toyota-hilux-elektrinis-automobilis-pagaliau-atvyks-i-australija-taciau-jo-diapazonas-yra-ribotas\/","url":"http:\/\/eautomobiliai.lt\/index.php\/2026\/04\/03\/toyota-hilux-elektrinis-automobilis-pagaliau-atvyks-i-australija-taciau-jo-diapazonas-yra-ribotas\/","name":"\u201eToyota Hilux\u201c elektrinis automobilis pagaliau atvyks \u012f Australij\u0105, ta\u010diau jo diapazonas yra ribotas - Eautomobiliai.lt","isPartOf":{"@id":"http:\/\/eautomobiliai.lt\/#website"},"primaryImageOfPage":{"@id":"http:\/\/eautomobiliai.lt\/index.php\/2026\/04\/03\/toyota-hilux-elektrinis-automobilis-pagaliau-atvyks-i-australija-taciau-jo-diapazonas-yra-ribotas\/#primaryimage"},"image":{"@id":"http:\/\/eautomobiliai.lt\/index.php\/2026\/04\/03\/toyota-hilux-elektrinis-automobilis-pagaliau-atvyks-i-australija-taciau-jo-diapazonas-yra-ribotas\/#primaryimage"},"thumbnailUrl":"https:\/\/eautomobiliai.lt\/wp-content\/uploads\/2026\/04\/\u201eToyota-Hilux-elektrinis-automobilis-pagaliau-atvyks-i-Australija-taciau-jo.jpg","datePublished":"2026-04-03T11:54:12+00:00","author":{"@id":"http:\/\/eautomobiliai.lt\/#\/schema\/person\/ecf2a967f361217d056061f74deb92f2"},"breadcrumb":{"@id":"http:\/\/eautomobiliai.lt\/index.php\/2026\/04\/03\/toyota-hilux-elektrinis-automobilis-pagaliau-atvyks-i-australija-taciau-jo-diapazonas-yra-ribotas\/#breadcrumb"},"inLanguage":"lt-LT","potentialAction":[{"@type":"ReadAction","target":["http:\/\/eautomobiliai.lt\/index.php\/2026\/04\/03\/toyota-hilux-elektrinis-automobilis-pagaliau-atvyks-i-australija-taciau-jo-diapazonas-yra-ribotas\/"]}]},{"@type":"ImageObject","inLanguage":"lt-LT","@id":"http:\/\/eautomobiliai.lt\/index.php\/2026\/04\/03\/toyota-hilux-elektrinis-automobilis-pagaliau-atvyks-i-australija-taciau-jo-diapazonas-yra-ribotas\/#primaryimage","url":"https:\/\/eautomobiliai.lt\/wp-content\/uploads\/2026\/04\/\u201eToyota-Hilux-elektrinis-automobilis-pagaliau-atvyks-i-Australija-taciau-jo.jpg","contentUrl":"https:\/\/eautomobiliai.lt\/wp-content\/uploads\/2026\/04\/\u201eToyota-Hilux-elektrinis-automobilis-pagaliau-atvyks-i-Australija-taciau-jo.jpg","width":1200,"height":800},{"@type":"BreadcrumbList","@id":"http:\/\/eautomobiliai.lt\/index.php\/2026\/04\/03\/toyota-hilux-elektrinis-automobilis-pagaliau-atvyks-i-australija-taciau-jo-diapazonas-yra-ribotas\/#breadcrumb","itemListElement":[{"@type":"ListItem","position":1,"name":"Home","item":"http:\/\/eautomobiliai.lt\/"},{"@type":"ListItem","position":2,"name":"\u201eToyota Hilux\u201c elektrinis automobilis pagaliau atvyks \u012f Australij\u0105, ta\u010diau jo diapazonas yra ribotas"}]},{"@type":"WebSite","@id":"http:\/\/eautomobiliai.lt\/#website","url":"http:\/\/eautomobiliai.lt\/","name":"Eautomobiliai.lt","description":"Elektrinis transportas, technologijos","potentialAction":[{"@type":"SearchAction","target":{"@type":"EntryPoint","urlTemplate":"http:\/\/eautomobiliai.lt\/?s={search_term_string}"},"query-input":{"@type":"PropertyValueSpecification","valueRequired":true,"valueName":"search_term_string"}}],"inLanguage":"lt-LT"},{"@type":"Person","@id":"http:\/\/eautomobiliai.lt\/#\/schema\/person\/ecf2a967f361217d056061f74deb92f2","name":"admin","image":{"@type":"ImageObject","inLanguage":"lt-LT","@id":"http:\/\/eautomobiliai.lt\/#\/schema\/person\/image\/","url":"https:\/\/secure.gravatar.com\/avatar\/6323379efae0c70c686c7905444d6bbd?s=96&d=mm&r=g","contentUrl":"https:\/\/secure.gravatar.com\/avatar\/6323379efae0c70c686c7905444d6bbd?s=96&d=mm&r=g","caption":"admin"},"sameAs":["http:\/\/eautomobiliai.lt"],"url":"https:\/\/eautomobiliai.lt\/index.php\/author\/admin\/"}]}},"_links":{"self":[{"href":"https:\/\/eautomobiliai.lt\/index.php\/wp-json\/wp\/v2\/posts\/3922","targetHints":{"allow":["GET"]}}],"collection":[{"href":"https:\/\/eautomobiliai.lt\/index.php\/wp-json\/wp\/v2\/posts"}],"about":[{"href":"https:\/\/eautomobiliai.lt\/index.php\/wp-json\/wp\/v2\/types\/post"}],"author":[{"embeddable":true,"href":"https:\/\/eautomobiliai.lt\/index.php\/wp-json\/wp\/v2\/users\/1"}],"replies":[{"embeddable":true,"href":"https:\/\/eautomobiliai.lt\/index.php\/wp-json\/wp\/v2\/comments?post=3922"}],"version-history":[{"count":0,"href":"https:\/\/eautomobiliai.lt\/index.php\/wp-json\/wp\/v2\/posts\/3922\/revisions"}],"wp:featuredmedia":[{"embeddable":true,"href":"https:\/\/eautomobiliai.lt\/index.php\/wp-json\/wp\/v2\/media\/3923"}],"wp:attachment":[{"href":"https:\/\/eautomobiliai.lt\/index.php\/wp-json\/wp\/v2\/media?parent=3922"}],"wp:term":[{"taxonomy":"category","embeddable":true,"href":"https:\/\/eautomobiliai.lt\/index.php\/wp-json\/wp\/v2\/categories?post=3922"},{"taxonomy":"post_tag","embeddable":true,"href":"https:\/\/eautomobiliai.lt\/index.php\/wp-json\/wp\/v2\/tags?post=3922"}],"curies":[{"name":"wp","href":"https:\/\/api.w.org\/{rel}","templated":true}]}}