{"id":428,"date":"2025-04-09T16:19:22","date_gmt":"2025-04-09T16:19:22","guid":{"rendered":"https:\/\/eautomobiliai.lt\/index.php\/2025\/04\/09\/elektriniu-transporto-priemoniu-dalijimosi-platformu-kilimas-miesto-mobilumo-ir-tvarumo-revoliucija\/"},"modified":"2025-04-09T16:19:22","modified_gmt":"2025-04-09T16:19:22","slug":"elektriniu-transporto-priemoniu-dalijimosi-platformu-kilimas-miesto-mobilumo-ir-tvarumo-revoliucija","status":"publish","type":"post","link":"https:\/\/eautomobiliai.lt\/index.php\/2025\/04\/09\/elektriniu-transporto-priemoniu-dalijimosi-platformu-kilimas-miesto-mobilumo-ir-tvarumo-revoliucija\/","title":{"rendered":"Elektrini\u0173 transporto priemoni\u0173 dalijimosi platform\u0173 kilimas: Miesto mobilumo ir tvarumo revoliucija"},"content":{"rendered":"<p> <br \/>\n<\/p>\n<div id=\"\">\n<p>Kai miesto centrai susiduria su did\u0117jan\u010diomis sp\u016bstimis ir tar\u0161a, elektromobili\u0173 (EV) dalijimosi platformos atsiradimas pateikia tvari\u0105 alternatyv\u0105 tradicinei automobili\u0173 nuosavybei. EV dalijimasis greitai tampa kertiniu miesto mobilumo akmeniu, si\u016blan\u010diu praktin\u012f sprendim\u0105, kuris puikiai atitinka \u0161iuolaikinius tvarumo tikslus. \u0160is straipsnis remiasi EV dalijimosi platformomis, j\u0173 prana\u0161umais, i\u0161\u0161\u016bkiais ir b\u016bsimu miesto transporto kra\u0161tovaizd\u017eiu.<\/p>\n<div id=\"ez-toc-container\" class=\"ez-toc-v2_0_82_2 counter-hierarchy ez-toc-counter ez-toc-grey ez-toc-container-direction\">\n<div class=\"ez-toc-title-container\">\n<p class=\"ez-toc-title\" style=\"cursor:inherit\">Turinys:<\/p>\n<span class=\"ez-toc-title-toggle\"><a href=\"#\" class=\"ez-toc-pull-right ez-toc-btn ez-toc-btn-xs ez-toc-btn-default ez-toc-toggle\" aria-label=\"Toggle Table of Content\"><span class=\"ez-toc-js-icon-con\"><span class=\"\"><span class=\"eztoc-hide\" style=\"display:none;\">Toggle<\/span><span class=\"ez-toc-icon-toggle-span\"><svg style=\"fill: #999;color:#999\" xmlns=\"http:\/\/www.w3.org\/2000\/svg\" class=\"list-377408\" width=\"20px\" height=\"20px\" viewBox=\"0 0 24 24\" fill=\"none\"><path d=\"M6 6H4v2h2V6zm14 0H8v2h12V6zM4 11h2v2H4v-2zm16 0H8v2h12v-2zM4 16h2v2H4v-2zm16 0H8v2h12v-2z\" fill=\"currentColor\"><\/path><\/svg><svg style=\"fill: #999;color:#999\" class=\"arrow-unsorted-368013\" xmlns=\"http:\/\/www.w3.org\/2000\/svg\" width=\"10px\" height=\"10px\" viewBox=\"0 0 24 24\" version=\"1.2\" baseProfile=\"tiny\"><path d=\"M18.2 9.3l-6.2-6.3-6.2 6.3c-.2.2-.3.4-.3.7s.1.5.3.7c.2.2.4.3.7.3h11c.3 0 .5-.1.7-.3.2-.2.3-.5.3-.7s-.1-.5-.3-.7zM5.8 14.7l6.2 6.3 6.2-6.3c.2-.2.3-.5.3-.7s-.1-.5-.3-.7c-.2-.2-.4-.3-.7-.3h-11c-.3 0-.5.1-.7.3-.2.2-.3.5-.3.7s.1.5.3.7z\"\/><\/svg><\/span><\/span><\/span><\/a><\/span><\/div>\n<nav><ul class='ez-toc-list ez-toc-list-level-1 ' ><li class='ez-toc-page-1 ez-toc-heading-level-2'><a class=\"ez-toc-link ez-toc-heading-1\" href=\"https:\/\/eautomobiliai.lt\/index.php\/2025\/04\/09\/elektriniu-transporto-priemoniu-dalijimosi-platformu-kilimas-miesto-mobilumo-ir-tvarumo-revoliucija\/#Perejimas_prie_EV_automobiliu_dalijimosi\" >Per\u0117jimas prie EV automobili\u0173 dalijimosi<\/a><ul class='ez-toc-list-level-3' ><li class='ez-toc-heading-level-3'><a class=\"ez-toc-link ez-toc-heading-2\" href=\"https:\/\/eautomobiliai.lt\/index.php\/2025\/04\/09\/elektriniu-transporto-priemoniu-dalijimosi-platformu-kilimas-miesto-mobilumo-ir-tvarumo-revoliucija\/#Pagrindiniai_EV_automobiliu_dalijimosi_pranasumai\" >Pagrindiniai EV automobili\u0173 dalijimosi prana\u0161umai<\/a><\/li><\/ul><\/li><li class='ez-toc-page-1 ez-toc-heading-level-2'><a class=\"ez-toc-link ez-toc-heading-3\" href=\"https:\/\/eautomobiliai.lt\/index.php\/2025\/04\/09\/elektriniu-transporto-priemoniu-dalijimosi-platformu-kilimas-miesto-mobilumo-ir-tvarumo-revoliucija\/#Dabartines_krastovaizdzio_tendencijos\" >Dabartin\u0117s kra\u0161tovaizd\u017eio tendencijos<\/a><ul class='ez-toc-list-level-3' ><li class='ez-toc-heading-level-3'><a class=\"ez-toc-link ez-toc-heading-4\" href=\"https:\/\/eautomobiliai.lt\/index.php\/2025\/04\/09\/elektriniu-transporto-priemoniu-dalijimosi-platformu-kilimas-miesto-mobilumo-ir-tvarumo-revoliucija\/#Issukiai_su_kuriais_susiduria_EV_automobiliu_dalijimasis\" >I\u0161\u0161\u016bkiai, su kuriais susiduria EV automobili\u0173 dalijimasis<\/a><\/li><\/ul><\/li><li class='ez-toc-page-1 ez-toc-heading-level-2'><a class=\"ez-toc-link ez-toc-heading-5\" href=\"https:\/\/eautomobiliai.lt\/index.php\/2025\/04\/09\/elektriniu-transporto-priemoniu-dalijimosi-platformu-kilimas-miesto-mobilumo-ir-tvarumo-revoliucija\/#Ateities_perspektyvos\" >Ateities perspektyvos<\/a><ul class='ez-toc-list-level-3' ><li class='ez-toc-heading-level-3'><a class=\"ez-toc-link ez-toc-heading-6\" href=\"https:\/\/eautomobiliai.lt\/index.php\/2025\/04\/09\/elektriniu-transporto-priemoniu-dalijimosi-platformu-kilimas-miesto-mobilumo-ir-tvarumo-revoliucija\/#Isvada\" >I\u0161vada<\/a><\/li><\/ul><\/li><\/ul><\/nav><\/div>\n<h2><span class=\"ez-toc-section\" id=\"Perejimas_prie_EV_automobiliu_dalijimosi\"><\/span>Per\u0117jimas prie EV automobili\u0173 dalijimosi<span class=\"ez-toc-section-end\"><\/span><\/h2>\n<p>Daugiau miesto gyventoj\u0173 per\u017ei\u016bri transporto priemoni\u0173 nuosavyb\u0119, ypa\u010d miestuose, kur automobili\u0173 stov\u0117jimo aik\u0161tel\u0117 yra ribota ir gausu vie\u0161ojo transporto galimybi\u0173. Tradicinis automobili\u0173 nuomos modelis da\u017enai apima ilg\u0105 laukimo laik\u0105 ir pernelyg daugyb\u0119 dokument\u0173, tod\u0117l daugelis reikalauja ie\u0161koti patogi\u0173 alternatyv\u0173. \u201eEV\u201c automobili\u0173 dalijimosi patrauklumas yra jo sugeb\u0117jimas vartotojams suteikti prieinam\u0105, pagal pareikalavim\u0105, po ranka-da\u017enai per supaprastint\u0105 mobili\u0173j\u0173 program\u0173 s\u0105saj\u0105. Remiantis Tarptautin\u0117s energetikos agent\u016bros ataskaita, 2024 m. Prad\u017eioje \u201eGlobal EV\u201c pardavimai padid\u0117jo daugiau nei 25%, tai rodo tvirt\u0105 per\u0117jim\u0105 prie elektrifikavimo tiek asmeniniame, tiek bendrame mobilumo kontekste.<\/p>\n<h3><span class=\"ez-toc-section\" id=\"Pagrindiniai_EV_automobiliu_dalijimosi_pranasumai\"><\/span>Pagrindiniai EV automobili\u0173 dalijimosi prana\u0161umai<span class=\"ez-toc-section-end\"><\/span><\/h3>\n<ol>\n<li>\n<p><strong>Tvarumas<\/strong>: EV prisideda prie ma\u017eesnio i\u0161metam\u0173j\u0173 ter\u0161al\u0173 ir suma\u017eintos miesto tar\u0161os. Pasinaudojant elektriniais laivynais, dalijimosi platformomis padeda su\u0161velninti transporto poveik\u012f aplinkai, suderindamos pasaulines pastangas kovoti su klimato poky\u010diais.<\/p>\n<\/li>\n<li>\n<p><strong>Patogumas ir prieinamumas<\/strong>: Vartotojai gali rezervuoti transporto priemones pagal poreik\u012f, da\u017enai naudodamiesi nauda i\u0161 mokam\u0173 \u012fkrovimo modeli\u0173, pa\u0161alinan\u010di\u0173 tradicin\u0117s automobilio nuosavyb\u0117s finansin\u0119 na\u0161t\u0105. \u0160is lankstumas yra ypa\u010d patrauklus vartotojams, kuriems gali prireikti transporto priemon\u0117s tik atsitiktinai.<\/p>\n<\/li>\n<li>\n<p><strong>Technologin\u0117 pa\u017eanga<\/strong>: Naudodamiesi intelektualiomis technologijomis, daugelis EV dalijimosi paslaug\u0173 vartotojams suteikia galimyb\u0119 realiu laiku pasiekti transporto priemon\u0117s prieinamum\u0105, lengvus rezervavimo procesus ir efektyv\u0173 atsiskaitym\u0105, sustiprinant bendr\u0105 vartotojo patirt\u012f.<\/p>\n<\/li>\n<li>\n<p><strong>Patobulinti miesto mobilumo sprendimai<\/strong>: Platformos vis da\u017eniau si\u016blomos kaip patogumai gyvenamosiose ir komercin\u0117se nuosavyb\u0117se, tod\u0117l \u0161i\u0173 viet\u0173 patrauklumas padidina aplink\u0105 s\u0105moningus nuomininkus ir darbuotojus. Nekilnojamojo turto \u012fmon\u0117s, turin\u010dios EV dalijimosi galimybes, i\u0161siskiria konkurencingomis rinkomis, padidindamos j\u0173 patrauklum\u0105 ir galimas nuomos pajamas.<\/p>\n<\/li>\n<\/ol>\n<p><\/p>\n<h2><span class=\"ez-toc-section\" id=\"Dabartines_krastovaizdzio_tendencijos\"><\/span>Dabartin\u0117s kra\u0161tovaizd\u017eio tendencijos<span class=\"ez-toc-section-end\"><\/span><\/h2>\n<p>Nors Europa \u0161iuo metu veda EV dalintis automobiliais &#8211; tokiuose regionuose kaip Vokietija ir Italija gali pasigirti didele procentine dalimi EV savo laivynuose, &#8211; amerika daro \u017eingsnius, nors ir l\u0117tesniu tempu. Pavyzd\u017eiui, pagrindiniai \u017eaid\u0117jai, tokie kaip \u201eZipcar\u201c, padidina savo elektros pasi\u016bl\u0105. Ta\u010diau kelios kli\u016btys, tokios kaip infrastrukt\u016bros apribojimai, didel\u0117s pradin\u0117s transporto priemoni\u0173 i\u0161laidos ir suskaidytos reguliavimo peiza\u017eai, apsunkina per\u0117jim\u0105 prie visi\u0161ko elektrifikavimo.<\/p>\n<h3><span class=\"ez-toc-section\" id=\"Issukiai_su_kuriais_susiduria_EV_automobiliu_dalijimasis\"><\/span>I\u0161\u0161\u016bkiai, su kuriais susiduria EV automobili\u0173 dalijimasis<span class=\"ez-toc-section-end\"><\/span><\/h3>\n<ol>\n<li>\n<p><strong>Infrastrukt\u016bros spragos<\/strong>: Sta\u010di\u0173, ypa\u010d kaimo vietov\u0117se, tr\u016bkumas lemia \u201edykum\u0173 \u012fkrovim\u0105\u201c, kuris gali atgrasyti nuo EV vartojimo. Norint padidinti pasitik\u0117jim\u0105 EV platformomis, labai svarbu i\u0161pl\u0117sti prieig\u0105 prie \u012fkrovimo \u012frengini\u0173.<\/p>\n<\/li>\n<li>\n<p><strong>Tiekimo grandin\u0117s problemos<\/strong>: Kritini\u0173 med\u017eiag\u0173 tr\u016bkumas akumuliatori\u0173 gamybai, kuri\u0105 lemia geopolitiniai veiksniai, gali kliudyti parko augimui ir padidinti i\u0161laidas, keliant i\u0161\u0161\u016bkius, ypa\u010d ma\u017eesniems operatoriams.<\/p>\n<\/li>\n<li>\n<p><strong>I\u0161laid\u0173 veiksniai<\/strong>: Nors yra iniciatyvos, skatinan\u010dios EV pri\u0117mim\u0105 per subsidijas ir paskatas, daugeliui dalijimosi paslaugos susiduria su auk\u0161tomis pirkimo kainomis ir kintan\u010diomis elektrini\u0173 transporto priemoni\u0173 perpardavimo vert\u0117mis, tod\u0117l sunku sukurti perspektyvius verslo modelius.<\/p>\n<\/li>\n<li>\n<p><strong>Prie\u017ei\u016bros reikalavimai<\/strong>: EV paprastai reikalauja re\u010diau prie\u017ei\u016bros nei j\u0173 vidaus degimo variklio kolegos, ta\u010diau remontui reikalingi special\u016bs \u012fg\u016bd\u017eiai, pavyzd\u017eiui, baterij\u0173 pakeitimai, kurie gali sukelti mokymo ir darbo j\u0117gos i\u0161\u0161\u016bkius.<\/p>\n<\/li>\n<li>\n<p><strong>Reguliavimo kra\u0161tovaizdis<\/strong>: Tai, kad n\u0117ra viening\u0173 standart\u0173 ir skirting\u0173 skatinimo strukt\u016br\u0173 \u012fvairiuose regionuose, apsunkina ilgalaik\u012f planavim\u0105 ir gali padidinti daugialyp\u0117s jurisdikcij\u0173 kompanij\u0173 veiklos s\u0105naudas.<\/p>\n<\/li>\n<\/ol>\n<h2><span class=\"ez-toc-section\" id=\"Ateities_perspektyvos\"><\/span>Ateities perspektyvos<span class=\"ez-toc-section-end\"><\/span><\/h2>\n<p>EV automobili\u0173 dalijimosi ateitis atrodo perspektyvi, nes technologijos toliau vystosi. Tikimasi, kad reik\u0161mingas akumuliatori\u0173 technologijos patobulinimai suma\u017eins i\u0161laidas, o infrastrukt\u016bros patobulinimai, \u012fskaitant daugiau greito \u012fkrovimo sto\u010di\u0173, grei\u010diausiai su\u0161velnins kai kuriuos i\u0161\u0161\u016bkius, su kuriais \u0161iuo metu susiduria vartotojai.<\/p>\n<p>Tiek technologijos, tiek politikos tendencijos rodo platesn\u012f elektrini\u0173 laivyn\u0173 pritaikym\u0105. Vyriausyb\u0117s visame pasaulyje vis labiau palaiko nulin\u0117s emisijos transporto priemones, kurios ne tik padeda tvarumo pastangoms, bet ir gali suteikti perspektyvias ekonomines paskatas automobili\u0173 dalijimosi operatoriams.<\/p>\n<h3><span class=\"ez-toc-section\" id=\"Isvada\"><\/span>I\u0161vada<span class=\"ez-toc-section-end\"><\/span><\/h3>\n<p>Elektrini\u0173 transporto priemoni\u0173 dalijimosi platformos pertvarko miesto mobilum\u0105 si\u016blydamos tvarius, patogius ir efektyvius transportavimo sprendimus. Kadangi suart\u0117ja technologin\u0117 pa\u017eanga ir palaikanti politika, \u201eEV Car\u201c dalijimosi rinka planuojama pl\u0117stis. Miesto gyventojams tai yra reik\u0161mingas \u0161uolis link sustiprinto mobilumo, kuris atitinka j\u0173 aplinkos vertybes ir nuostatas, skatinant ekologi\u0161kesn\u0119 ateit\u012f pasaulio miestams. Suvokdami EV dalijimosi galimybes, miesto erdv\u0117s gali pasiekti tvarumo tikslus, tuo pat metu patenkinti j\u0173 gyventoj\u0173 praktinius transportavimo poreikius.<\/p>\n<p>\u2014\u2014\u2014\u2014\u2014\u2014\u2014\u2014\u2014\u2014\u2014\u2014\u2014\u2014\u2014\u2014\u2014\u2014\u2014\u2014\u2014\u2014\u2014<br \/>\u201eVoltsandVolts.com\u201c yra tinklara\u0161tis, skirtas elektrin\u0117ms transporto priemon\u0117ms (EV). M\u016bs\u0173 tinklara\u0161tyje pateikiami straipsniai apie EV ap\u017evalgas, istorijas, patarimus, triukus, \u012fkrovimo infrastrukt\u016br\u0105 ir akumuliatori\u0173 technologijas. Prisijunkite prie pokalbio ir tapkite \u201eVoltsandVolts.com\u201c bendruomen\u0117s dalimi \u0161iandien!<\/p>\n<\/div>\n<p><br \/>\n<br \/><a href=\"https:\/\/voltsandvolts.com\/increase-in-ev-sharing-platforms\/\">Source link <\/a><\/p>\n","protected":false},"excerpt":{"rendered":"<p>Kai miesto centrai susiduria su did\u0117jan\u010diomis sp\u016bstimis ir tar\u0161a, elektromobili\u0173 (EV) dalijimosi platformos atsiradimas pateikia tvari\u0105 alternatyv\u0105 tradicinei automobili\u0173 nuosavybei.&hellip;<\/p>\n","protected":false},"author":1,"featured_media":429,"comment_status":"open","ping_status":"open","sticky":false,"template":"","format":"standard","meta":{"om_disable_all_campaigns":false,"_monsterinsights_skip_tracking":false,"_monsterinsights_sitenote_active":false,"_monsterinsights_sitenote_note":"","_monsterinsights_sitenote_category":0,"footnotes":""},"categories":[39],"tags":[1114,45,91,463,1116,1115,47,56,46,1117],"class_list":["post-428","post","type-post","status-publish","format-standard","has-post-thumbnail","hentry","category-eautomobiliu-technine-puse","tag-dalijimosi","tag-elektriniu","tag-kilimas","tag-miesto","tag-mobilumo","tag-platformu","tag-priemoniu","tag-revoliucija","tag-transporto","tag-tvarumo"],"aioseo_notices":[],"yoast_head":"<!-- This site is optimized with the Yoast SEO plugin v26.8 - https:\/\/yoast.com\/product\/yoast-seo-wordpress\/ -->\n<title>Elektrini\u0173 transporto priemoni\u0173 dalijimosi platform\u0173 kilimas: Miesto mobilumo ir tvarumo revoliucija - Eautomobiliai.lt<\/title>\n<meta name=\"robots\" content=\"index, follow, max-snippet:-1, max-image-preview:large, max-video-preview:-1\" \/>\n<link rel=\"canonical\" href=\"https:\/\/eautomobiliai.lt\/index.php\/2025\/04\/09\/elektriniu-transporto-priemoniu-dalijimosi-platformu-kilimas-miesto-mobilumo-ir-tvarumo-revoliucija\/\" \/>\n<meta property=\"og:locale\" content=\"lt_LT\" \/>\n<meta property=\"og:type\" content=\"article\" \/>\n<meta property=\"og:title\" content=\"Elektrini\u0173 transporto priemoni\u0173 dalijimosi platform\u0173 kilimas: Miesto mobilumo ir tvarumo revoliucija - Eautomobiliai.lt\" \/>\n<meta property=\"og:description\" content=\"Kai miesto centrai susiduria su did\u0117jan\u010diomis sp\u016bstimis ir tar\u0161a, elektromobili\u0173 (EV) dalijimosi platformos atsiradimas pateikia tvari\u0105 alternatyv\u0105 tradicinei automobili\u0173 nuosavybei.&hellip;\" \/>\n<meta property=\"og:url\" content=\"https:\/\/eautomobiliai.lt\/index.php\/2025\/04\/09\/elektriniu-transporto-priemoniu-dalijimosi-platformu-kilimas-miesto-mobilumo-ir-tvarumo-revoliucija\/\" \/>\n<meta property=\"og:site_name\" content=\"Eautomobiliai.lt\" \/>\n<meta property=\"article:published_time\" content=\"2025-04-09T16:19:22+00:00\" \/>\n<meta property=\"og:image\" content=\"https:\/\/eautomobiliai.lt\/wp-content\/uploads\/2025\/04\/Elektriniu-transporto-priemoniu-dalijimosi-platformu-kilimas-Miesto-mobilumo-ir-tvarumo.jpg\" \/>\n\t<meta property=\"og:image:width\" content=\"1344\" \/>\n\t<meta property=\"og:image:height\" content=\"768\" \/>\n\t<meta property=\"og:image:type\" content=\"image\/jpeg\" \/>\n<meta name=\"author\" content=\"admin\" \/>\n<meta name=\"twitter:card\" content=\"summary_large_image\" \/>\n<meta name=\"twitter:label1\" content=\"Written by\" \/>\n\t<meta name=\"twitter:data1\" content=\"admin\" \/>\n\t<meta name=\"twitter:label2\" content=\"Est. reading time\" \/>\n\t<meta name=\"twitter:data2\" content=\"4 minut\u0117s\" \/>\n<script type=\"application\/ld+json\" class=\"yoast-schema-graph\">{\"@context\":\"https:\/\/schema.org\",\"@graph\":[{\"@type\":\"Article\",\"@id\":\"https:\/\/eautomobiliai.lt\/index.php\/2025\/04\/09\/elektriniu-transporto-priemoniu-dalijimosi-platformu-kilimas-miesto-mobilumo-ir-tvarumo-revoliucija\/#article\",\"isPartOf\":{\"@id\":\"https:\/\/eautomobiliai.lt\/index.php\/2025\/04\/09\/elektriniu-transporto-priemoniu-dalijimosi-platformu-kilimas-miesto-mobilumo-ir-tvarumo-revoliucija\/\"},\"author\":{\"name\":\"admin\",\"@id\":\"http:\/\/eautomobiliai.lt\/#\/schema\/person\/ecf2a967f361217d056061f74deb92f2\"},\"headline\":\"Elektrini\u0173 transporto priemoni\u0173 dalijimosi platform\u0173 kilimas: Miesto mobilumo ir tvarumo revoliucija\",\"datePublished\":\"2025-04-09T16:19:22+00:00\",\"mainEntityOfPage\":{\"@id\":\"https:\/\/eautomobiliai.lt\/index.php\/2025\/04\/09\/elektriniu-transporto-priemoniu-dalijimosi-platformu-kilimas-miesto-mobilumo-ir-tvarumo-revoliucija\/\"},\"wordCount\":816,\"commentCount\":0,\"image\":{\"@id\":\"https:\/\/eautomobiliai.lt\/index.php\/2025\/04\/09\/elektriniu-transporto-priemoniu-dalijimosi-platformu-kilimas-miesto-mobilumo-ir-tvarumo-revoliucija\/#primaryimage\"},\"thumbnailUrl\":\"https:\/\/eautomobiliai.lt\/wp-content\/uploads\/2025\/04\/Elektriniu-transporto-priemoniu-dalijimosi-platformu-kilimas-Miesto-mobilumo-ir-tvarumo.jpg\",\"keywords\":[\"dalijimosi\",\"elektrini\u0173\",\"kilimas\",\"miesto\",\"mobilumo\",\"platform\u0173\",\"priemoni\u0173\",\"revoliucija\",\"transporto\",\"tvarumo\"],\"articleSection\":[\"eAUTOMOBILI\u0172 TECHNIN\u0116 PUS\u0116\"],\"inLanguage\":\"lt-LT\",\"potentialAction\":[{\"@type\":\"CommentAction\",\"name\":\"Comment\",\"target\":[\"https:\/\/eautomobiliai.lt\/index.php\/2025\/04\/09\/elektriniu-transporto-priemoniu-dalijimosi-platformu-kilimas-miesto-mobilumo-ir-tvarumo-revoliucija\/#respond\"]}]},{\"@type\":\"WebPage\",\"@id\":\"https:\/\/eautomobiliai.lt\/index.php\/2025\/04\/09\/elektriniu-transporto-priemoniu-dalijimosi-platformu-kilimas-miesto-mobilumo-ir-tvarumo-revoliucija\/\",\"url\":\"https:\/\/eautomobiliai.lt\/index.php\/2025\/04\/09\/elektriniu-transporto-priemoniu-dalijimosi-platformu-kilimas-miesto-mobilumo-ir-tvarumo-revoliucija\/\",\"name\":\"Elektrini\u0173 transporto priemoni\u0173 dalijimosi platform\u0173 kilimas: Miesto mobilumo ir tvarumo revoliucija - Eautomobiliai.lt\",\"isPartOf\":{\"@id\":\"http:\/\/eautomobiliai.lt\/#website\"},\"primaryImageOfPage\":{\"@id\":\"https:\/\/eautomobiliai.lt\/index.php\/2025\/04\/09\/elektriniu-transporto-priemoniu-dalijimosi-platformu-kilimas-miesto-mobilumo-ir-tvarumo-revoliucija\/#primaryimage\"},\"image\":{\"@id\":\"https:\/\/eautomobiliai.lt\/index.php\/2025\/04\/09\/elektriniu-transporto-priemoniu-dalijimosi-platformu-kilimas-miesto-mobilumo-ir-tvarumo-revoliucija\/#primaryimage\"},\"thumbnailUrl\":\"https:\/\/eautomobiliai.lt\/wp-content\/uploads\/2025\/04\/Elektriniu-transporto-priemoniu-dalijimosi-platformu-kilimas-Miesto-mobilumo-ir-tvarumo.jpg\",\"datePublished\":\"2025-04-09T16:19:22+00:00\",\"author\":{\"@id\":\"http:\/\/eautomobiliai.lt\/#\/schema\/person\/ecf2a967f361217d056061f74deb92f2\"},\"breadcrumb\":{\"@id\":\"https:\/\/eautomobiliai.lt\/index.php\/2025\/04\/09\/elektriniu-transporto-priemoniu-dalijimosi-platformu-kilimas-miesto-mobilumo-ir-tvarumo-revoliucija\/#breadcrumb\"},\"inLanguage\":\"lt-LT\",\"potentialAction\":[{\"@type\":\"ReadAction\",\"target\":[\"https:\/\/eautomobiliai.lt\/index.php\/2025\/04\/09\/elektriniu-transporto-priemoniu-dalijimosi-platformu-kilimas-miesto-mobilumo-ir-tvarumo-revoliucija\/\"]}]},{\"@type\":\"ImageObject\",\"inLanguage\":\"lt-LT\",\"@id\":\"https:\/\/eautomobiliai.lt\/index.php\/2025\/04\/09\/elektriniu-transporto-priemoniu-dalijimosi-platformu-kilimas-miesto-mobilumo-ir-tvarumo-revoliucija\/#primaryimage\",\"url\":\"https:\/\/eautomobiliai.lt\/wp-content\/uploads\/2025\/04\/Elektriniu-transporto-priemoniu-dalijimosi-platformu-kilimas-Miesto-mobilumo-ir-tvarumo.jpg\",\"contentUrl\":\"https:\/\/eautomobiliai.lt\/wp-content\/uploads\/2025\/04\/Elektriniu-transporto-priemoniu-dalijimosi-platformu-kilimas-Miesto-mobilumo-ir-tvarumo.jpg\",\"width\":1344,\"height\":768},{\"@type\":\"BreadcrumbList\",\"@id\":\"https:\/\/eautomobiliai.lt\/index.php\/2025\/04\/09\/elektriniu-transporto-priemoniu-dalijimosi-platformu-kilimas-miesto-mobilumo-ir-tvarumo-revoliucija\/#breadcrumb\",\"itemListElement\":[{\"@type\":\"ListItem\",\"position\":1,\"name\":\"Home\",\"item\":\"http:\/\/eautomobiliai.lt\/\"},{\"@type\":\"ListItem\",\"position\":2,\"name\":\"Elektrini\u0173 transporto priemoni\u0173 dalijimosi platform\u0173 kilimas: Miesto mobilumo ir tvarumo revoliucija\"}]},{\"@type\":\"WebSite\",\"@id\":\"http:\/\/eautomobiliai.lt\/#website\",\"url\":\"http:\/\/eautomobiliai.lt\/\",\"name\":\"Eautomobiliai.lt\",\"description\":\"Elektrinis transportas, technologijos\",\"potentialAction\":[{\"@type\":\"SearchAction\",\"target\":{\"@type\":\"EntryPoint\",\"urlTemplate\":\"http:\/\/eautomobiliai.lt\/?s={search_term_string}\"},\"query-input\":{\"@type\":\"PropertyValueSpecification\",\"valueRequired\":true,\"valueName\":\"search_term_string\"}}],\"inLanguage\":\"lt-LT\"},{\"@type\":\"Person\",\"@id\":\"http:\/\/eautomobiliai.lt\/#\/schema\/person\/ecf2a967f361217d056061f74deb92f2\",\"name\":\"admin\",\"image\":{\"@type\":\"ImageObject\",\"inLanguage\":\"lt-LT\",\"@id\":\"http:\/\/eautomobiliai.lt\/#\/schema\/person\/image\/\",\"url\":\"https:\/\/secure.gravatar.com\/avatar\/6323379efae0c70c686c7905444d6bbd?s=96&d=mm&r=g\",\"contentUrl\":\"https:\/\/secure.gravatar.com\/avatar\/6323379efae0c70c686c7905444d6bbd?s=96&d=mm&r=g\",\"caption\":\"admin\"},\"sameAs\":[\"http:\/\/eautomobiliai.lt\"],\"url\":\"https:\/\/eautomobiliai.lt\/index.php\/author\/admin\/\"}]}<\/script>\n<!-- \/ Yoast SEO plugin. -->","yoast_head_json":{"title":"Elektrini\u0173 transporto priemoni\u0173 dalijimosi platform\u0173 kilimas: Miesto mobilumo ir tvarumo revoliucija - Eautomobiliai.lt","robots":{"index":"index","follow":"follow","max-snippet":"max-snippet:-1","max-image-preview":"max-image-preview:large","max-video-preview":"max-video-preview:-1"},"canonical":"https:\/\/eautomobiliai.lt\/index.php\/2025\/04\/09\/elektriniu-transporto-priemoniu-dalijimosi-platformu-kilimas-miesto-mobilumo-ir-tvarumo-revoliucija\/","og_locale":"lt_LT","og_type":"article","og_title":"Elektrini\u0173 transporto priemoni\u0173 dalijimosi platform\u0173 kilimas: Miesto mobilumo ir tvarumo revoliucija - Eautomobiliai.lt","og_description":"Kai miesto centrai susiduria su did\u0117jan\u010diomis sp\u016bstimis ir tar\u0161a, elektromobili\u0173 (EV) dalijimosi platformos atsiradimas pateikia tvari\u0105 alternatyv\u0105 tradicinei automobili\u0173 nuosavybei.&hellip;","og_url":"https:\/\/eautomobiliai.lt\/index.php\/2025\/04\/09\/elektriniu-transporto-priemoniu-dalijimosi-platformu-kilimas-miesto-mobilumo-ir-tvarumo-revoliucija\/","og_site_name":"Eautomobiliai.lt","article_published_time":"2025-04-09T16:19:22+00:00","og_image":[{"width":1344,"height":768,"url":"https:\/\/eautomobiliai.lt\/wp-content\/uploads\/2025\/04\/Elektriniu-transporto-priemoniu-dalijimosi-platformu-kilimas-Miesto-mobilumo-ir-tvarumo.jpg","type":"image\/jpeg"}],"author":"admin","twitter_card":"summary_large_image","twitter_misc":{"Written by":"admin","Est. reading time":"4 minut\u0117s"},"schema":{"@context":"https:\/\/schema.org","@graph":[{"@type":"Article","@id":"https:\/\/eautomobiliai.lt\/index.php\/2025\/04\/09\/elektriniu-transporto-priemoniu-dalijimosi-platformu-kilimas-miesto-mobilumo-ir-tvarumo-revoliucija\/#article","isPartOf":{"@id":"https:\/\/eautomobiliai.lt\/index.php\/2025\/04\/09\/elektriniu-transporto-priemoniu-dalijimosi-platformu-kilimas-miesto-mobilumo-ir-tvarumo-revoliucija\/"},"author":{"name":"admin","@id":"http:\/\/eautomobiliai.lt\/#\/schema\/person\/ecf2a967f361217d056061f74deb92f2"},"headline":"Elektrini\u0173 transporto priemoni\u0173 dalijimosi platform\u0173 kilimas: Miesto mobilumo ir tvarumo revoliucija","datePublished":"2025-04-09T16:19:22+00:00","mainEntityOfPage":{"@id":"https:\/\/eautomobiliai.lt\/index.php\/2025\/04\/09\/elektriniu-transporto-priemoniu-dalijimosi-platformu-kilimas-miesto-mobilumo-ir-tvarumo-revoliucija\/"},"wordCount":816,"commentCount":0,"image":{"@id":"https:\/\/eautomobiliai.lt\/index.php\/2025\/04\/09\/elektriniu-transporto-priemoniu-dalijimosi-platformu-kilimas-miesto-mobilumo-ir-tvarumo-revoliucija\/#primaryimage"},"thumbnailUrl":"https:\/\/eautomobiliai.lt\/wp-content\/uploads\/2025\/04\/Elektriniu-transporto-priemoniu-dalijimosi-platformu-kilimas-Miesto-mobilumo-ir-tvarumo.jpg","keywords":["dalijimosi","elektrini\u0173","kilimas","miesto","mobilumo","platform\u0173","priemoni\u0173","revoliucija","transporto","tvarumo"],"articleSection":["eAUTOMOBILI\u0172 TECHNIN\u0116 PUS\u0116"],"inLanguage":"lt-LT","potentialAction":[{"@type":"CommentAction","name":"Comment","target":["https:\/\/eautomobiliai.lt\/index.php\/2025\/04\/09\/elektriniu-transporto-priemoniu-dalijimosi-platformu-kilimas-miesto-mobilumo-ir-tvarumo-revoliucija\/#respond"]}]},{"@type":"WebPage","@id":"https:\/\/eautomobiliai.lt\/index.php\/2025\/04\/09\/elektriniu-transporto-priemoniu-dalijimosi-platformu-kilimas-miesto-mobilumo-ir-tvarumo-revoliucija\/","url":"https:\/\/eautomobiliai.lt\/index.php\/2025\/04\/09\/elektriniu-transporto-priemoniu-dalijimosi-platformu-kilimas-miesto-mobilumo-ir-tvarumo-revoliucija\/","name":"Elektrini\u0173 transporto priemoni\u0173 dalijimosi platform\u0173 kilimas: Miesto mobilumo ir tvarumo revoliucija - Eautomobiliai.lt","isPartOf":{"@id":"http:\/\/eautomobiliai.lt\/#website"},"primaryImageOfPage":{"@id":"https:\/\/eautomobiliai.lt\/index.php\/2025\/04\/09\/elektriniu-transporto-priemoniu-dalijimosi-platformu-kilimas-miesto-mobilumo-ir-tvarumo-revoliucija\/#primaryimage"},"image":{"@id":"https:\/\/eautomobiliai.lt\/index.php\/2025\/04\/09\/elektriniu-transporto-priemoniu-dalijimosi-platformu-kilimas-miesto-mobilumo-ir-tvarumo-revoliucija\/#primaryimage"},"thumbnailUrl":"https:\/\/eautomobiliai.lt\/wp-content\/uploads\/2025\/04\/Elektriniu-transporto-priemoniu-dalijimosi-platformu-kilimas-Miesto-mobilumo-ir-tvarumo.jpg","datePublished":"2025-04-09T16:19:22+00:00","author":{"@id":"http:\/\/eautomobiliai.lt\/#\/schema\/person\/ecf2a967f361217d056061f74deb92f2"},"breadcrumb":{"@id":"https:\/\/eautomobiliai.lt\/index.php\/2025\/04\/09\/elektriniu-transporto-priemoniu-dalijimosi-platformu-kilimas-miesto-mobilumo-ir-tvarumo-revoliucija\/#breadcrumb"},"inLanguage":"lt-LT","potentialAction":[{"@type":"ReadAction","target":["https:\/\/eautomobiliai.lt\/index.php\/2025\/04\/09\/elektriniu-transporto-priemoniu-dalijimosi-platformu-kilimas-miesto-mobilumo-ir-tvarumo-revoliucija\/"]}]},{"@type":"ImageObject","inLanguage":"lt-LT","@id":"https:\/\/eautomobiliai.lt\/index.php\/2025\/04\/09\/elektriniu-transporto-priemoniu-dalijimosi-platformu-kilimas-miesto-mobilumo-ir-tvarumo-revoliucija\/#primaryimage","url":"https:\/\/eautomobiliai.lt\/wp-content\/uploads\/2025\/04\/Elektriniu-transporto-priemoniu-dalijimosi-platformu-kilimas-Miesto-mobilumo-ir-tvarumo.jpg","contentUrl":"https:\/\/eautomobiliai.lt\/wp-content\/uploads\/2025\/04\/Elektriniu-transporto-priemoniu-dalijimosi-platformu-kilimas-Miesto-mobilumo-ir-tvarumo.jpg","width":1344,"height":768},{"@type":"BreadcrumbList","@id":"https:\/\/eautomobiliai.lt\/index.php\/2025\/04\/09\/elektriniu-transporto-priemoniu-dalijimosi-platformu-kilimas-miesto-mobilumo-ir-tvarumo-revoliucija\/#breadcrumb","itemListElement":[{"@type":"ListItem","position":1,"name":"Home","item":"http:\/\/eautomobiliai.lt\/"},{"@type":"ListItem","position":2,"name":"Elektrini\u0173 transporto priemoni\u0173 dalijimosi platform\u0173 kilimas: Miesto mobilumo ir tvarumo revoliucija"}]},{"@type":"WebSite","@id":"http:\/\/eautomobiliai.lt\/#website","url":"http:\/\/eautomobiliai.lt\/","name":"Eautomobiliai.lt","description":"Elektrinis transportas, technologijos","potentialAction":[{"@type":"SearchAction","target":{"@type":"EntryPoint","urlTemplate":"http:\/\/eautomobiliai.lt\/?s={search_term_string}"},"query-input":{"@type":"PropertyValueSpecification","valueRequired":true,"valueName":"search_term_string"}}],"inLanguage":"lt-LT"},{"@type":"Person","@id":"http:\/\/eautomobiliai.lt\/#\/schema\/person\/ecf2a967f361217d056061f74deb92f2","name":"admin","image":{"@type":"ImageObject","inLanguage":"lt-LT","@id":"http:\/\/eautomobiliai.lt\/#\/schema\/person\/image\/","url":"https:\/\/secure.gravatar.com\/avatar\/6323379efae0c70c686c7905444d6bbd?s=96&d=mm&r=g","contentUrl":"https:\/\/secure.gravatar.com\/avatar\/6323379efae0c70c686c7905444d6bbd?s=96&d=mm&r=g","caption":"admin"},"sameAs":["http:\/\/eautomobiliai.lt"],"url":"https:\/\/eautomobiliai.lt\/index.php\/author\/admin\/"}]}},"_links":{"self":[{"href":"https:\/\/eautomobiliai.lt\/index.php\/wp-json\/wp\/v2\/posts\/428","targetHints":{"allow":["GET"]}}],"collection":[{"href":"https:\/\/eautomobiliai.lt\/index.php\/wp-json\/wp\/v2\/posts"}],"about":[{"href":"https:\/\/eautomobiliai.lt\/index.php\/wp-json\/wp\/v2\/types\/post"}],"author":[{"embeddable":true,"href":"https:\/\/eautomobiliai.lt\/index.php\/wp-json\/wp\/v2\/users\/1"}],"replies":[{"embeddable":true,"href":"https:\/\/eautomobiliai.lt\/index.php\/wp-json\/wp\/v2\/comments?post=428"}],"version-history":[{"count":0,"href":"https:\/\/eautomobiliai.lt\/index.php\/wp-json\/wp\/v2\/posts\/428\/revisions"}],"wp:featuredmedia":[{"embeddable":true,"href":"https:\/\/eautomobiliai.lt\/index.php\/wp-json\/wp\/v2\/media\/429"}],"wp:attachment":[{"href":"https:\/\/eautomobiliai.lt\/index.php\/wp-json\/wp\/v2\/media?parent=428"}],"wp:term":[{"taxonomy":"category","embeddable":true,"href":"https:\/\/eautomobiliai.lt\/index.php\/wp-json\/wp\/v2\/categories?post=428"},{"taxonomy":"post_tag","embeddable":true,"href":"https:\/\/eautomobiliai.lt\/index.php\/wp-json\/wp\/v2\/tags?post=428"}],"curies":[{"name":"wp","href":"https:\/\/api.w.org\/{rel}","templated":true}]}}